{"id":708,"date":"2023-10-04T07:00:49","date_gmt":"2023-10-04T10:00:49","guid":{"rendered":"https:\/\/noticiasregionais.com.br\/?p=708"},"modified":"2023-10-04T07:02:20","modified_gmt":"2023-10-04T10:02:20","slug":"comissao-do-senado-aprova-proibicao-de-sindicatos-cobrarem-taxa-de-nao-associados","status":"publish","type":"post","link":"https:\/\/noticiasregionais.com.br\/?p=708","title":{"rendered":"Comiss\u00e3o do Senado aprova proibi\u00e7\u00e3o de sindicatos cobrarem taxa de n\u00e3o associados"},"content":{"rendered":"\n<p class=\"has-text-align-center\"><strong>Projeto de lei tamb\u00e9m facilita direito de empregados rejeitarem pagamento de contribui\u00e7\u00e3o assistencial, que recentemente foi validada pelo STF<\/strong><\/p>\n\n\n\n<p>A Comiss\u00e3o de Assuntos Econ\u00f4micos (CAE) do Senado aprovou, nesta ter\u00e7a-feira (3), um projeto de lei que pro\u00edbe a cobran\u00e7a de contribui\u00e7\u00e3o sindical&nbsp; \u2014&nbsp;antigo imposto sindical&nbsp; \u2014&nbsp;dos trabalhadores n\u00e3o filiados aos sindicatos. A proposta tamb\u00e9m facilita o direito de os empregados n\u00e3o sindicalizados rejeitarem o pagamento da chamada contribui\u00e7\u00e3o assistencial, cuja validade foi confirmada pelo Supremo Tribunal Federal (STF) em setembro deste ano.&nbsp;<\/p>\n\n\n\n<p>De autoria do senador Styvenson Valentim (Podemos-RN), a proposta altera a CLT (Consolida\u00e7\u00e3o das Leis do Trabalho). Desde 2017, com a reforma trabalhista, a contribui\u00e7\u00e3o sindical \u00e9 facultativa para todos os trabalhadores que n\u00e3o s\u00e3o associados aos sindicatos. Mas o&nbsp;<a href=\"https:\/\/legis.senado.leg.br\/sdleg-getter\/documento?dm=9467501&amp;ts=1696347377294&amp;rendition=stored-leg-signed-pdf&amp;disposition=inline&amp;_gl=1*erm5bz*_ga*MTQ2ODE0NzIxOC4xNjcyMjQ1NjA1*_ga_CW3ZH25XMK*MTY5NjM0NzQ1MS4xMzkuMC4xNjk2MzQ3NDUxLjAuMC4w\" target=\"_blank\" rel=\"noreferrer noopener\">PL 2099\/2023<\/a>&nbsp;vai al\u00e9m: quer proibir a cobran\u00e7a dos empregados n\u00e3o filiados, ou seja, para pagar a contribui\u00e7\u00e3o, ser\u00e1 necess\u00e1rio se filiar ao sindicato.&nbsp;<\/p>\n\n\n\n<p>O texto tamb\u00e9m traz regras que visam facilitar o direito de oposi\u00e7\u00e3o dos trabalhadores \u00e0 cobran\u00e7a da contribui\u00e7\u00e3o assistencial. O STF decidiu recentemente que essa cobran\u00e7a junto aos empregados de uma categoria&nbsp; \u2014&nbsp;sejam eles sindicalizados ou n\u00e3o \u2014&nbsp;&nbsp;\u00e9 constitucional, desde que os trabalhadores tenham garantido o direito de rejei\u00e7\u00e3o a&nbsp;ela.&nbsp;<\/p>\n\n\n\n<p>Segundo o relator do projeto de lei,&nbsp;o senador Rog\u00e9rio Marinho (PL-RN), h\u00e1 sindicatos que est\u00e3o dificultando os trabalhadores de exercerem esse direito. O parlamentar diz que algumas entidades est\u00e3o impondo &#8220;prazos apertados, hor\u00e1rios inoportunos, taxas abusivas, exig\u00eancia de comparecimento presencial e decis\u00f5es por assembleias de baix\u00edssimo qu\u00f3rum&#8221;, por exemplo.&nbsp;<\/p>\n\n\n\n<p>Na pr\u00e1tica, ele diz, a contribui\u00e7\u00e3o deixa de ser facultativa e passa a ser obrigat\u00f3ria diante dos obst\u00e1culos criados para a oposi\u00e7\u00e3o por parte dos trabalhadores.&nbsp;<\/p>\n\n\n\n<p>&#8220;O direito de oposi\u00e7\u00e3o que \u00e9 proposto pelas centrais \u00e9 para ingl\u00eas ver. Ora, se ele vai ser exercido por ocasi\u00e3o das assembleias de trabalhadores, onde no m\u00e1ximo 3% ou 4% estar\u00e3o representados, qual \u00e9 a democracia que se estabelece a\u00ed? Nesse momento em que temos, inclusive no Senado da Rep\u00fablica, reuni\u00f5es semipresenciais, teletrabalho, internet, por que voc\u00ea n\u00e3o pode exercer seu direito de oposi\u00e7\u00e3o atrav\u00e9s de um e-mail ou de um &#8216;zap&#8217;? \u00c9 obrigado a assinar um documento em duas vias, ficar numa fila de n\u00e3o sei quantos quil\u00f4metros na sexta-feira para praticar seu direito de oposi\u00e7\u00e3o?&#8221;, indagou durante a sess\u00e3o na CAE.&nbsp;<\/p>\n\n\n\n<h2 class=\"wp-block-heading\">Novas regras<\/h2>\n\n\n\n<p>Segundo o texto, na hora da contrata\u00e7\u00e3o, o empregador dever\u00e1 informar ao empregado, por escrito, a exist\u00eancia da contribui\u00e7\u00e3o assistencial cobrada pelo respectivo sindicato, bem como o valor a ser cobrado e a possibilidade de o trabalhador se opor ao pagamento.&nbsp;<\/p>\n\n\n\n<p>O direito de oposi\u00e7\u00e3o tamb\u00e9m poder\u00e1 ser exercido em assembleia, as quais dever\u00e3o ser abertas aos associados e n\u00e3o associados do sindicato, segundo o projeto. O empregado que se manifestou contr\u00e1rio ao pagamento inicialmente poder\u00e1, a qualquer momento, optar pela contribui\u00e7\u00e3o. O contr\u00e1rio tamb\u00e9m se aplica.&nbsp;<\/p>\n\n\n\n<p>Os trabalhadores poder\u00e3o rejeitar a contribui\u00e7\u00e3o por meios eletr\u00f4nicos, como e-mail ou WhatsApp, por exemplo. Se optarem por fazer isso pessoalmente, dever\u00e3o formalizar por escrito.&nbsp;<\/p>\n\n\n\n<p>Segunda a proposta, a cobran\u00e7a da contribui\u00e7\u00e3o assistencial ser\u00e1 feita pelo sindicato exclusivamente por boleto banc\u00e1rio ou via Pix, sendo proibido o desconto em folha de pagamento pelo empregador, com repasse \u00e0s entidades sindicais. A cobran\u00e7a retroativa da contribui\u00e7\u00e3o assistencial tamb\u00e9m \u00e9 vedada pelo projeto de lei.&nbsp;<\/p>\n\n\n\n<p>O advogado trabalhista Pedro Maciel acredita que o projeto de lei \u00e9 positivo porque permite aos trabalhadores exercer o direito de rejeitarem o pagamento da contribui\u00e7\u00e3o com maior facilidade.&nbsp;<\/p>\n\n\n\n<p>&#8220;Se est\u00e1 estabelecido por lei que o empregado pode ter o direito ao veto, isso tem que ser deixado muito claro, porque sen\u00e3o o empregado vai sendo descontado. A maioria deles, principalmente, os de origem mais humilde n\u00e3o t\u00eam esse conhecimento. V\u00e3o descontando e a\u00ed continua como se fosse uma contribui\u00e7\u00e3o obrigat\u00f3ria. O fato de colocar peculiaridades para o veto do trabalhador e que tornam mais f\u00e1cil o trabalhador cumprir esse veto, ou n\u00e3o, \u00e9 simplesmente cumprir a reforma trabalhista&#8221;, avalia.&nbsp;&nbsp;<\/p>\n\n\n\n<h2 class=\"wp-block-heading\">Contribui\u00e7\u00e3o sindical x Contribui\u00e7\u00e3o Assistencial<\/h2>\n\n\n\n<p>Embora tenham nomes parecidos, as contribui\u00e7\u00f5es s\u00e3o diferentes. A contribui\u00e7\u00e3o sindical, tamb\u00e9m conhecida como imposto sindical, tem natureza tribut\u00e1ria. At\u00e9 2017 era obrigat\u00f3ria para todos os trabalhadores e seu valor correspondia a um dia de sal\u00e1rio do empregado. Ap\u00f3s a reforma trabalhista, o imposto sindical passou a ser opcional.&nbsp;<\/p>\n\n\n\n<p>J\u00e1 a contribui\u00e7\u00e3o assistencial, por sua vez, serve para custear as atividades dos sindicatos, sobretudo as negocia\u00e7\u00f5es coletivas. Diferentemente do imposto sindical, n\u00e3o tem natureza tribut\u00e1ria.&nbsp;<\/p>\n\n\n\n<p>Fonte: <a href=\"https:\/\/brasil61.com\/n\/comissao-do-senado-aprova-proibicao-de-sindicatos-cobrarem-taxa-de-nao-associados-pind234266\" target=\"_blank\" rel=\"noreferrer noopener\">Brasil 61<\/a><\/p>\n<input type=\"hidden\" id=\"baseurl\" value=\"https:\/\/noticiasregionais.com.br\"><input type=\"hidden\" id=\"audio_nonce\" value=\"533fbb67b1\">","protected":false},"excerpt":{"rendered":"<p>Projeto de lei tamb\u00e9m facilita direito de empregados rejeitarem pagamento de contribui\u00e7\u00e3o assistencial, que recentemente foi validada pelo STF A&hellip;<\/p>\n","protected":false},"author":1,"featured_media":711,"comment_status":"closed","ping_status":"open","sticky":false,"template":"","format":"standard","meta":{"sfsi_plus_gutenberg_text_before_share":"","sfsi_plus_gutenberg_show_text_before_share":"","sfsi_plus_gutenberg_icon_type":"","sfsi_plus_gutenberg_icon_alignemt":"","sfsi_plus_gutenburg_max_per_row":"","footnotes":""},"categories":[8,10,1],"tags":[],"class_list":["post-708","post","type-post","status-publish","format-standard","has-post-thumbnail","hentry","category-brasil","category-destaques","category-noticias"],"_links":{"self":[{"href":"https:\/\/noticiasregionais.com.br\/index.php?rest_route=\/wp\/v2\/posts\/708","targetHints":{"allow":["GET"]}}],"collection":[{"href":"https:\/\/noticiasregionais.com.br\/index.php?rest_route=\/wp\/v2\/posts"}],"about":[{"href":"https:\/\/noticiasregionais.com.br\/index.php?rest_route=\/wp\/v2\/types\/post"}],"author":[{"embeddable":true,"href":"https:\/\/noticiasregionais.com.br\/index.php?rest_route=\/wp\/v2\/users\/1"}],"replies":[{"embeddable":true,"href":"https:\/\/noticiasregionais.com.br\/index.php?rest_route=%2Fwp%2Fv2%2Fcomments&post=708"}],"version-history":[{"count":1,"href":"https:\/\/noticiasregionais.com.br\/index.php?rest_route=\/wp\/v2\/posts\/708\/revisions"}],"predecessor-version":[{"id":710,"href":"https:\/\/noticiasregionais.com.br\/index.php?rest_route=\/wp\/v2\/posts\/708\/revisions\/710"}],"wp:featuredmedia":[{"embeddable":true,"href":"https:\/\/noticiasregionais.com.br\/index.php?rest_route=\/wp\/v2\/media\/711"}],"wp:attachment":[{"href":"https:\/\/noticiasregionais.com.br\/index.php?rest_route=%2Fwp%2Fv2%2Fmedia&parent=708"}],"wp:term":[{"taxonomy":"category","embeddable":true,"href":"https:\/\/noticiasregionais.com.br\/index.php?rest_route=%2Fwp%2Fv2%2Fcategories&post=708"},{"taxonomy":"post_tag","embeddable":true,"href":"https:\/\/noticiasregionais.com.br\/index.php?rest_route=%2Fwp%2Fv2%2Ftags&post=708"}],"curies":[{"name":"wp","href":"https:\/\/api.w.org\/{rel}","templated":true}]}}