{"id":712,"date":"2023-10-04T12:25:54","date_gmt":"2023-10-04T15:25:54","guid":{"rendered":"https:\/\/noticiasregionais.com.br\/?p=712"},"modified":"2023-10-04T12:26:06","modified_gmt":"2023-10-04T15:26:06","slug":"policia-rodoviaria-prende-individuo-por-descaminho-em-canitar-sp","status":"publish","type":"post","link":"https:\/\/noticiasregionais.com.br\/?p=712","title":{"rendered":"Policia Rodovi\u00e1ria prende indiv\u00edduo por descaminho em Canitar\/SP"},"content":{"rendered":"\n<p>Policiais militares do 2\u00b0 Batalh\u00e3o de Pol\u00edcia Rodovi\u00e1ria prenderam um indiv\u00edduo em flagrante por descaminho no km 365 da Rodovia Raposo Tavares (SP-270), regi\u00e3o de Canitar\/SP, na manh\u00e3 desta quarta-feira (04).<\/p>\n\n\n\n<p>Os policiais realizavam Opera\u00e7\u00e3o Impacto quando suspeitaram do condutor de um caminh\u00e3o VW\/24.280 e o abordaram. Durante a vistoria, localizaram 46 aparelhos MacBook, 15 fardos de materiais para pesca e 02 aparelhos de GPS n\u00e1uticos no compartimento de carga do ve\u00edculo.<\/p>\n\n\n\n<p>O motorista, n\u00e3o apresentou documenta\u00e7\u00e3o fiscal dos produtos, que estavam com ind\u00edcios de falsifica\u00e7\u00e3o. Ele foi preso em flagrante e conduzido \u00e0 Pol\u00edcia Federal de Mar\u00edlia\/SP, onde foi autuado em flagrante pelo crime de descaminho.<\/p>\n\n\n\n<p>O descaminho \u00e9 o crime de importar ou exportar mercadoria sem o pagamento de tributos devidos. A pena prevista \u00e9 de dois a cinco anos de reclus\u00e3o, al\u00e9m de multa.<\/p>\n\n\n\n<p><strong>Pol\u00edcia Militar, rumo aos 200 anos! Vamos todos juntos. Ningu\u00e9m fica para tr\u00e1s!<\/strong><\/p>\n<input type=\"hidden\" id=\"baseurl\" value=\"https:\/\/noticiasregionais.com.br\"><input type=\"hidden\" id=\"audio_nonce\" value=\"533fbb67b1\">","protected":false},"excerpt":{"rendered":"<p>Policiais militares do 2\u00b0 Batalh\u00e3o de Pol\u00edcia Rodovi\u00e1ria prenderam um indiv\u00edduo em flagrante por descaminho no km 365 da Rodovia&hellip;<\/p>\n","protected":false},"author":1,"featured_media":713,"comment_status":"closed","ping_status":"open","sticky":false,"template":"","format":"standard","meta":{"sfsi_plus_gutenberg_text_before_share":"","sfsi_plus_gutenberg_show_text_before_share":"","sfsi_plus_gutenberg_icon_type":"","sfsi_plus_gutenberg_icon_alignemt":"","sfsi_plus_gutenburg_max_per_row":"","footnotes":""},"categories":[5,12,1],"tags":[],"class_list":["post-712","post","type-post","status-publish","format-standard","has-post-thumbnail","hentry","category-ourinhos","category-capa","category-noticias"],"_links":{"self":[{"href":"https:\/\/noticiasregionais.com.br\/index.php?rest_route=\/wp\/v2\/posts\/712","targetHints":{"allow":["GET"]}}],"collection":[{"href":"https:\/\/noticiasregionais.com.br\/index.php?rest_route=\/wp\/v2\/posts"}],"about":[{"href":"https:\/\/noticiasregionais.com.br\/index.php?rest_route=\/wp\/v2\/types\/post"}],"author":[{"embeddable":true,"href":"https:\/\/noticiasregionais.com.br\/index.php?rest_route=\/wp\/v2\/users\/1"}],"replies":[{"embeddable":true,"href":"https:\/\/noticiasregionais.com.br\/index.php?rest_route=%2Fwp%2Fv2%2Fcomments&post=712"}],"version-history":[{"count":1,"href":"https:\/\/noticiasregionais.com.br\/index.php?rest_route=\/wp\/v2\/posts\/712\/revisions"}],"predecessor-version":[{"id":714,"href":"https:\/\/noticiasregionais.com.br\/index.php?rest_route=\/wp\/v2\/posts\/712\/revisions\/714"}],"wp:featuredmedia":[{"embeddable":true,"href":"https:\/\/noticiasregionais.com.br\/index.php?rest_route=\/wp\/v2\/media\/713"}],"wp:attachment":[{"href":"https:\/\/noticiasregionais.com.br\/index.php?rest_route=%2Fwp%2Fv2%2Fmedia&parent=712"}],"wp:term":[{"taxonomy":"category","embeddable":true,"href":"https:\/\/noticiasregionais.com.br\/index.php?rest_route=%2Fwp%2Fv2%2Fcategories&post=712"},{"taxonomy":"post_tag","embeddable":true,"href":"https:\/\/noticiasregionais.com.br\/index.php?rest_route=%2Fwp%2Fv2%2Ftags&post=712"}],"curies":[{"name":"wp","href":"https:\/\/api.w.org\/{rel}","templated":true}]}}