{"id":715,"date":"2023-10-04T12:39:03","date_gmt":"2023-10-04T15:39:03","guid":{"rendered":"https:\/\/noticiasregionais.com.br\/?p=715"},"modified":"2023-10-04T12:39:45","modified_gmt":"2023-10-04T15:39:45","slug":"acidente-na-br-153-deixa-uma-vitima-leve","status":"publish","type":"post","link":"https:\/\/noticiasregionais.com.br\/?p=715","title":{"rendered":"Acidente entre Carretas na BR-153 deixa uma v\u00edtima leve"},"content":{"rendered":"\n<p>Um acidente na BR-153, no km 328.8, sentido decrescente, deixou uma v\u00edtima leve nesta quarta-feira (04).<\/p>\n\n\n\n<p>De acordo com a Pol\u00edcia Rodovi\u00e1ria Federal (PRF), o acidente ocorreu por volta das 11h10, quando uma carreta colidiu na traseira da outra.<\/p>\n\n\n\n<p>A v\u00edtima, motorista de um dos ve\u00edculos, foi encaminhada \u00e0 Santa Casa de Ourinhos com ferimentos leves.<\/p>\n\n\n\n<p>O tr\u00e2nsito no local foi liberado no sistema pare-siga.<\/p>\n\n\n\n<p>A PRF investiga as causas do acidente.<\/p>\n\n\n\n<p><strong>Orienta\u00e7\u00f5es aos motoristas<\/strong><\/p>\n\n\n\n<p>A PRF orienta os motoristas a redobrarem a aten\u00e7\u00e3o ao trafegar por rodovias. \u00c9 importante respeitar a sinaliza\u00e7\u00e3o, manter dist\u00e2ncia segura dos ve\u00edculos \u00e0 frente e n\u00e3o ultrapassar em locais proibidos.<\/p>\n\n\n\n<p>Em caso de acidente, \u00e9 importante acionar a PRF ou a Pol\u00edcia Militar para o registro da ocorr\u00eancia.<\/p>\n<input type=\"hidden\" id=\"baseurl\" value=\"https:\/\/noticiasregionais.com.br\"><input type=\"hidden\" id=\"audio_nonce\" value=\"533fbb67b1\">","protected":false},"excerpt":{"rendered":"<p>Um acidente na BR-153, no km 328.8, sentido decrescente, deixou uma v\u00edtima leve nesta quarta-feira (04). De acordo com a&hellip;<\/p>\n","protected":false},"author":1,"featured_media":716,"comment_status":"closed","ping_status":"open","sticky":false,"template":"","format":"standard","meta":{"sfsi_plus_gutenberg_text_before_share":"","sfsi_plus_gutenberg_show_text_before_share":"","sfsi_plus_gutenberg_icon_type":"","sfsi_plus_gutenberg_icon_alignemt":"","sfsi_plus_gutenburg_max_per_row":"","footnotes":""},"categories":[10,1,5],"tags":[],"class_list":["post-715","post","type-post","status-publish","format-standard","has-post-thumbnail","hentry","category-destaques","category-noticias","category-ourinhos"],"_links":{"self":[{"href":"https:\/\/noticiasregionais.com.br\/index.php?rest_route=\/wp\/v2\/posts\/715","targetHints":{"allow":["GET"]}}],"collection":[{"href":"https:\/\/noticiasregionais.com.br\/index.php?rest_route=\/wp\/v2\/posts"}],"about":[{"href":"https:\/\/noticiasregionais.com.br\/index.php?rest_route=\/wp\/v2\/types\/post"}],"author":[{"embeddable":true,"href":"https:\/\/noticiasregionais.com.br\/index.php?rest_route=\/wp\/v2\/users\/1"}],"replies":[{"embeddable":true,"href":"https:\/\/noticiasregionais.com.br\/index.php?rest_route=%2Fwp%2Fv2%2Fcomments&post=715"}],"version-history":[{"count":2,"href":"https:\/\/noticiasregionais.com.br\/index.php?rest_route=\/wp\/v2\/posts\/715\/revisions"}],"predecessor-version":[{"id":718,"href":"https:\/\/noticiasregionais.com.br\/index.php?rest_route=\/wp\/v2\/posts\/715\/revisions\/718"}],"wp:featuredmedia":[{"embeddable":true,"href":"https:\/\/noticiasregionais.com.br\/index.php?rest_route=\/wp\/v2\/media\/716"}],"wp:attachment":[{"href":"https:\/\/noticiasregionais.com.br\/index.php?rest_route=%2Fwp%2Fv2%2Fmedia&parent=715"}],"wp:term":[{"taxonomy":"category","embeddable":true,"href":"https:\/\/noticiasregionais.com.br\/index.php?rest_route=%2Fwp%2Fv2%2Fcategories&post=715"},{"taxonomy":"post_tag","embeddable":true,"href":"https:\/\/noticiasregionais.com.br\/index.php?rest_route=%2Fwp%2Fv2%2Ftags&post=715"}],"curies":[{"name":"wp","href":"https:\/\/api.w.org\/{rel}","templated":true}]}}