{"id":719,"date":"2023-10-04T13:26:44","date_gmt":"2023-10-04T16:26:44","guid":{"rendered":"https:\/\/noticiasregionais.com.br\/?p=719"},"modified":"2023-10-04T13:26:56","modified_gmt":"2023-10-04T16:26:56","slug":"creas-em-ourinhos-realiza-encontro-de-geracoes-dia-5-com-teatro-gratuito","status":"publish","type":"post","link":"https:\/\/noticiasregionais.com.br\/?p=719","title":{"rendered":"CREAS em Ourinhos realiza \u201cEncontro de Gera\u00e7\u00f5es\u201d dia 5 com teatro gratuito"},"content":{"rendered":"\n<p>O CREAS (Centro de Refer\u00eancia Especializado de Assist\u00eancia Social) de Ourinhos promove nesta quinta (5) a partir das 8h00 o evento \u201cEncontro de Gera\u00e7\u00f5es\u201d, no Teatro Municipal Miguel Cury. A tem\u00e1tica ser\u00e1 em alus\u00e3o ao Dia da Pessoa Idosa, comemorado no m\u00eas de outubro.<\/p>\n\n\n\n<p>Ser\u00e1 um momento de reflex\u00e3o sobre os direitos dos idosos, com direito a uma apresenta\u00e7\u00e3o teatral gratuita da Cia Bom Humor, vinda de Ara\u00e7atuba\/SP, com a pe\u00e7a \u201cJacinto e Bizantina\u201d. Pessoas de todas as idades est\u00e3o convidadas a compor a plateia e fazer jus ao nome do evento, garantindo a viv\u00eancia da pessoa idosa na sociedade.<\/p>\n\n\n\n<p>O CREAS \u00e9 um equipamento da Prefeitura de Ourinhos e da Secretaria Municipal de Assist\u00eancia Social destinado a atender diversos grupos em situa\u00e7\u00e3o de vulnerabilidade e que tiveram seus direitos b\u00e1sicos feridos. Os idosos s\u00e3o parte deste p\u00fablico-alvo, pois infelizmente n\u00e3o s\u00e3o incomuns as situa\u00e7\u00f5es de abandono, abuso emocional, f\u00edsico e financeiro.<\/p>\n<input type=\"hidden\" id=\"baseurl\" value=\"https:\/\/noticiasregionais.com.br\"><input type=\"hidden\" id=\"audio_nonce\" value=\"3cdc555a10\">","protected":false},"excerpt":{"rendered":"<p>O CREAS (Centro de Refer\u00eancia Especializado de Assist\u00eancia Social) de Ourinhos promove nesta quinta (5) a partir das 8h00 o&hellip;<\/p>\n","protected":false},"author":1,"featured_media":720,"comment_status":"closed","ping_status":"open","sticky":false,"template":"","format":"standard","meta":{"sfsi_plus_gutenberg_text_before_share":"","sfsi_plus_gutenberg_show_text_before_share":"","sfsi_plus_gutenberg_icon_type":"","sfsi_plus_gutenberg_icon_alignemt":"","sfsi_plus_gutenburg_max_per_row":"","footnotes":""},"categories":[5,10,1],"tags":[],"class_list":["post-719","post","type-post","status-publish","format-standard","has-post-thumbnail","hentry","category-ourinhos","category-destaques","category-noticias"],"_links":{"self":[{"href":"https:\/\/noticiasregionais.com.br\/index.php?rest_route=\/wp\/v2\/posts\/719","targetHints":{"allow":["GET"]}}],"collection":[{"href":"https:\/\/noticiasregionais.com.br\/index.php?rest_route=\/wp\/v2\/posts"}],"about":[{"href":"https:\/\/noticiasregionais.com.br\/index.php?rest_route=\/wp\/v2\/types\/post"}],"author":[{"embeddable":true,"href":"https:\/\/noticiasregionais.com.br\/index.php?rest_route=\/wp\/v2\/users\/1"}],"replies":[{"embeddable":true,"href":"https:\/\/noticiasregionais.com.br\/index.php?rest_route=%2Fwp%2Fv2%2Fcomments&post=719"}],"version-history":[{"count":1,"href":"https:\/\/noticiasregionais.com.br\/index.php?rest_route=\/wp\/v2\/posts\/719\/revisions"}],"predecessor-version":[{"id":721,"href":"https:\/\/noticiasregionais.com.br\/index.php?rest_route=\/wp\/v2\/posts\/719\/revisions\/721"}],"wp:featuredmedia":[{"embeddable":true,"href":"https:\/\/noticiasregionais.com.br\/index.php?rest_route=\/wp\/v2\/media\/720"}],"wp:attachment":[{"href":"https:\/\/noticiasregionais.com.br\/index.php?rest_route=%2Fwp%2Fv2%2Fmedia&parent=719"}],"wp:term":[{"taxonomy":"category","embeddable":true,"href":"https:\/\/noticiasregionais.com.br\/index.php?rest_route=%2Fwp%2Fv2%2Fcategories&post=719"},{"taxonomy":"post_tag","embeddable":true,"href":"https:\/\/noticiasregionais.com.br\/index.php?rest_route=%2Fwp%2Fv2%2Ftags&post=719"}],"curies":[{"name":"wp","href":"https:\/\/api.w.org\/{rel}","templated":true}]}}