{"id":722,"date":"2023-10-05T06:42:42","date_gmt":"2023-10-05T09:42:42","guid":{"rendered":"https:\/\/noticiasregionais.com.br\/?p=722"},"modified":"2023-10-05T06:42:54","modified_gmt":"2023-10-05T09:42:54","slug":"sp-divulga-regra-de-provao-paulista-que-da-acesso-a-universidades-estaduais","status":"publish","type":"post","link":"https:\/\/noticiasregionais.com.br\/?p=722","title":{"rendered":"SP divulga regra de Prov\u00e3o Paulista que d\u00e1 acesso a universidades estaduais"},"content":{"rendered":"\n<p class=\"has-text-align-center\"><strong>Alunos da rede estadual est\u00e3o automaticamente inscritos na avalia\u00e7\u00e3o; exame ser\u00e1 realizado nos dias 28 e 29 de novembro<\/strong><\/p>\n\n\n\n<p>A Secretaria da Educa\u00e7\u00e3o do Estado de S\u00e3o Paulo (<a href=\"https:\/\/www.educacao.sp.gov.br\/institucional\/a-secretaria\/\" target=\"_blank\" rel=\"noreferrer noopener\">Seduc-SP<\/a>) divulgou, em edi\u00e7\u00e3o extra do Di\u00e1rio Oficial do Estado na sexta-feira (29), os detalhes e regras da aplica\u00e7\u00e3o do Prov\u00e3o Paulista Seriado, avalia\u00e7\u00e3o que permitir\u00e1 ingresso direto nas universidades estaduais paulistas para 2024. O exame ser\u00e1 realizado em duas datas, nos dias 28 e 29 de novembro.<\/p>\n\n\n\n<p>Todos os estudantes da rede estadual de ensino est\u00e3o inscritos automaticamente no Prov\u00e3o Paulista, assim como os alunos das escolas t\u00e9cnicas estaduais (Etecs) e escolas de aplica\u00e7\u00e3o da USP, Unesp e Unicamp.<\/p>\n\n\n\n<p>A publica\u00e7\u00e3o da Secretaria da Educa\u00e7\u00e3o tamb\u00e9m trata sobre a divis\u00e3o do total de vagas por curso em cada uma das institui\u00e7\u00f5es parceiras: Universidade de S\u00e3o Paulo (<a href=\"https:\/\/www5.usp.br\/institucional\/a-usp\/\" target=\"_blank\" rel=\"noreferrer noopener\">USP<\/a>), Universidade Estadual Paulista (<a href=\"https:\/\/www2.unesp.br\/portal#!\/sobre-a-unesp\/perfil\/\" target=\"_blank\" rel=\"noreferrer noopener\">Unesp<\/a>), Universidade Estadual de Campinas (<a href=\"https:\/\/www.unicamp.br\/unicamp\/universidade\" target=\"_blank\" rel=\"noreferrer noopener\">Unicamp<\/a>), Universidade Virtual do Estado de S\u00e3o Paulo (<a href=\"https:\/\/univesp.br\/institucional\" target=\"_blank\" rel=\"noreferrer noopener\">Univesp<\/a>) e as Faculdades de Tecnologia de S\u00e3o Paulo (<a href=\"http:\/\/www.fatecsp.br\/paginas\/historia_fatecsp.php#div_menu\" target=\"_blank\" rel=\"noreferrer noopener\">Fatecs<\/a>).<\/p>\n\n\n\n<p>No total ser\u00e3o 15.369 vagas, distribu\u00eddas em:<\/p>\n\n\n\n<p>\u2013 1.500 para a USP;<br>\u2013 934 para a Unesp;<br>\u2013 325 para a Unicamp;<br>\u2013 2.620 vagas para a Univesp; e<br>\u2013 10.000 vagas para as Fatecs<\/p>\n\n\n\n<p>Entre os cursos mais procurados em vestibulares do pa\u00eds, est\u00e3o 558 vagas para as diversas \u00e1reas da engenharia, 89 para direito, 67 para medicina e 33 para psicologia.<\/p>\n\n\n\n<p>Os alunos ter\u00e3o a partir de 1\u00ba de novembro para definir as op\u00e7\u00f5es de cursos que desejam frequentar no ano que vem. O site para a escolha ser\u00e1 disponibilizado pela Secretaria da Educa\u00e7\u00e3o, em parceria com as institui\u00e7\u00f5es.<\/p>\n\n\n\n<p>As 15.369 vagas ser\u00e3o distribu\u00eddas proporcionalmente e igualitariamente entre alunos da rede estadual de ensino, Etecs, estudantes de outras redes p\u00fablicas do pa\u00eds e, ainda, autodeclarados pretos, pardos e ind\u00edgenas.<\/p>\n\n\n\n<p>Alunos que estudam em escolas p\u00fablicas fora do Estado de S\u00e3o Paulo interessados em participar do Prov\u00e3o Paulista devem se inscrever at\u00e9 pr\u00f3xima sexta-feira (6) por meio do site&nbsp;<a href=\"https:\/\/provaopaulistaseriado.educacao.sp.gov.br\/\" target=\"_blank\" rel=\"noreferrer noopener\">https:\/\/provaopaulistaseriado.educacao.sp.gov.br\/<\/a>. As provas ser\u00e3o aplicadas pela Funda\u00e7\u00e3o Vunesp.<\/p>\n\n\n\n<p>Apesar de facilitar o ingresso nas universidades paulistas, o Prov\u00e3o Paulista Seriado n\u00e3o exclui a possibilidade de os estudantes interessados tamb\u00e9m participarem das sele\u00e7\u00f5es das quatro universidades e das Fatecs.<\/p>\n\n\n\n<p>Para estudantes que est\u00e3o na 3\u00aa s\u00e9rie do Ensino M\u00e9dio, a prova ser\u00e1 impressa e composta por quest\u00f5es de m\u00faltipla escolha nas \u00e1reas de linguagens e suas tecnologias e ci\u00eancias da natureza e suas tecnologias no primeiro dia (28); e quest\u00f5es de m\u00faltipla escolha para matem\u00e1tica e suas tecnologias e ci\u00eancias humanas e sociais, al\u00e9m de reda\u00e7\u00e3o, no segundo dia (29).<\/p>\n\n\n\n<p><strong>Outras s\u00e9ries<\/strong><\/p>\n\n\n\n<p>O Prov\u00e3o Paulista Seriado permite que alunos que hoje est\u00e3o na 1\u00aa e 2\u00aa s\u00e9ries do Ensino Fundamental tamb\u00e9m comecem a construir a sua trajet\u00f3ria rumo \u00e0 universidade, uma vez que a participa\u00e7\u00e3o na avalia\u00e7\u00e3o ser\u00e1 contabilizada a cada ano para as futuras seletivas dessas mesmas institui\u00e7\u00f5es.<\/p>\n\n\n\n<p>Ou seja, os alunos que hoje est\u00e3o matriculados na 1\u00aa s\u00e9rie far\u00e3o o prov\u00e3o em 2023, 2024 e 2025. A somat\u00f3ria desses tr\u00eas anos ser\u00e1 considerada para a classifica\u00e7\u00e3o. Todas as regras a respeito desses alunos tamb\u00e9m foram publicadas pela Educa\u00e7\u00e3o.<\/p>\n<input type=\"hidden\" id=\"baseurl\" value=\"https:\/\/noticiasregionais.com.br\"><input type=\"hidden\" id=\"audio_nonce\" value=\"533fbb67b1\">","protected":false},"excerpt":{"rendered":"<p>Alunos da rede estadual est\u00e3o automaticamente inscritos na avalia\u00e7\u00e3o; exame ser\u00e1 realizado nos dias 28 e 29 de novembro A&hellip;<\/p>\n","protected":false},"author":1,"featured_media":723,"comment_status":"closed","ping_status":"open","sticky":false,"template":"","format":"standard","meta":{"sfsi_plus_gutenberg_text_before_share":"","sfsi_plus_gutenberg_show_text_before_share":"","sfsi_plus_gutenberg_icon_type":"","sfsi_plus_gutenberg_icon_alignemt":"","sfsi_plus_gutenburg_max_per_row":"","footnotes":""},"categories":[6,10,1],"tags":[],"class_list":["post-722","post","type-post","status-publish","format-standard","has-post-thumbnail","hentry","category-sao_paulo","category-destaques","category-noticias"],"_links":{"self":[{"href":"https:\/\/noticiasregionais.com.br\/index.php?rest_route=\/wp\/v2\/posts\/722","targetHints":{"allow":["GET"]}}],"collection":[{"href":"https:\/\/noticiasregionais.com.br\/index.php?rest_route=\/wp\/v2\/posts"}],"about":[{"href":"https:\/\/noticiasregionais.com.br\/index.php?rest_route=\/wp\/v2\/types\/post"}],"author":[{"embeddable":true,"href":"https:\/\/noticiasregionais.com.br\/index.php?rest_route=\/wp\/v2\/users\/1"}],"replies":[{"embeddable":true,"href":"https:\/\/noticiasregionais.com.br\/index.php?rest_route=%2Fwp%2Fv2%2Fcomments&post=722"}],"version-history":[{"count":1,"href":"https:\/\/noticiasregionais.com.br\/index.php?rest_route=\/wp\/v2\/posts\/722\/revisions"}],"predecessor-version":[{"id":724,"href":"https:\/\/noticiasregionais.com.br\/index.php?rest_route=\/wp\/v2\/posts\/722\/revisions\/724"}],"wp:featuredmedia":[{"embeddable":true,"href":"https:\/\/noticiasregionais.com.br\/index.php?rest_route=\/wp\/v2\/media\/723"}],"wp:attachment":[{"href":"https:\/\/noticiasregionais.com.br\/index.php?rest_route=%2Fwp%2Fv2%2Fmedia&parent=722"}],"wp:term":[{"taxonomy":"category","embeddable":true,"href":"https:\/\/noticiasregionais.com.br\/index.php?rest_route=%2Fwp%2Fv2%2Fcategories&post=722"},{"taxonomy":"post_tag","embeddable":true,"href":"https:\/\/noticiasregionais.com.br\/index.php?rest_route=%2Fwp%2Fv2%2Ftags&post=722"}],"curies":[{"name":"wp","href":"https:\/\/api.w.org\/{rel}","templated":true}]}}