{"id":725,"date":"2023-10-05T07:05:54","date_gmt":"2023-10-05T10:05:54","guid":{"rendered":"https:\/\/noticiasregionais.com.br\/?p=725"},"modified":"2023-10-05T07:05:57","modified_gmt":"2023-10-05T10:05:57","slug":"medida-provisoria-perde-validade-e-imposto-sobre-diesel-sera-zerado","status":"publish","type":"post","link":"https:\/\/noticiasregionais.com.br\/?p=725","title":{"rendered":"Medida Provis\u00f3ria perde validade e imposto sobre diesel ser\u00e1 zerado"},"content":{"rendered":"\n<p class=\"has-text-align-center\"><strong>Cobran\u00e7a de R$ 0,14 por litro financiava desconto em carros novos<\/strong><\/p>\n\n\n\n<p>A Medida Provis\u00f3ria (MP) que criou o programa de desconto na compra de ve\u00edculos novos perdeu a validade nesta ter\u00e7a-feira (3) e, com isso, os tributos federais que incidiam sobre o \u00f3leo diesel voltam a ficar zerados, o que pode baratear o valor do combust\u00edvel na bomba. Em janeiro, o governo federal decidiu manter zerada, at\u00e9 dezembro, a tributa\u00e7\u00e3o pelo Programa de Integra\u00e7\u00e3o Social (PIS) e a Contribui\u00e7\u00e3o para o Financiamento da Seguridade Social (Cofins) sobre o diesel e o g\u00e1s liquefeito de petr\u00f3leo (GLP), o g\u00e1s de cozinha. No entanto, essa desonera\u00e7\u00e3o total foi parcialmente revertida, especificamente sobre o diesel, para compensar a perda de arrecada\u00e7\u00e3o com o programa para baratear carros populares, \u00f4nibus e caminh\u00f5es&nbsp;<a href=\"https:\/\/agenciabrasil.ebc.com.br\/economia\/noticia\/2023-06\/mp-que-da-desconto-carros-populares-e-publicada\" target=\"_blank\" rel=\"noreferrer noopener\">lan\u00e7ado em junho<\/a>.<img decoding=\"async\" src=\"https:\/\/agenciabrasil.ebc.com.br\/ebc.png?id=1559210&amp;o=node\"><img decoding=\"async\" src=\"https:\/\/agenciabrasil.ebc.com.br\/ebc.gif?id=1559210&amp;o=node\"><\/p>\n\n\n\n<p>Quando foi editada, a MP 1.175, que criou o programa de incentivo, voltou a tributar o diesel em R$ 0,11 por litro para bancar o desconto de R$ 1,5 bilh\u00e3o em impostos sobre ve\u00edculos novos, entre caminh\u00f5es, vans e carros. Ainda no fim de junho, uma nova medida (MP 1178) elevou essa reonera\u00e7\u00e3o em R$ 0,03, para o total de R$ 0,14 por litro, para custear mais R$ 300 milh\u00f5es em&nbsp;<a href=\"https:\/\/agenciabrasil.ebc.com.br\/economia\/noticia\/2023-06\/governo-destinara-mais-r-300-milhoes-em-incentivos-para-carro-popular\" target=\"_blank\" rel=\"noreferrer noopener\">descontos extras nos carros populares<\/a>, cuja demanda havia sido superada nas primeiras semanas do programa de desconto. Essa eleva\u00e7\u00e3o no tributo do diesel ocorreria a partir de outubro e arrecadaria R$ 200 milh\u00f5es extras (os R$ 100 milh\u00f5es restantes j\u00e1 haviam sido bancados pelo aumento de R$ 0,11 sobre o litro do diesel).<\/p>\n\n\n\n<p>Procurada, a Receita Federal confirmou os efeitos do fim da validade da MP 1.175, que faz com que a MP 1.178 tamb\u00e9m perdesse seu objeto. &#8220;Em princ\u00edpio, se n\u00e3o houver outra altera\u00e7\u00e3o legal, volta a se aplicar o disposto no art. 3\u00ba. da Lei 14.592, de 2023, que previa a desonera\u00e7\u00e3o do diesel e do biodiesel at\u00e9 31 de dezembro de 2023. Se n\u00e3o houver mudan\u00e7as legais at\u00e9 l\u00e1, a partir de 1 de janeiro de 2024 as al\u00edquotas do diesel e do biodiesel voltam aos seus valores normais, a saber: R$0,35\/litro para o diesel; e R$0,14\/litro para o biodiesel&#8221;, informou o \u00f3rg\u00e3o.<\/p>\n\n\n\n<p><sub>fonte: Ag\u00eancia Brasil &#8211; EBC<\/sub><\/p>\n<input type=\"hidden\" id=\"baseurl\" value=\"https:\/\/noticiasregionais.com.br\"><input type=\"hidden\" id=\"audio_nonce\" value=\"533fbb67b1\">","protected":false},"excerpt":{"rendered":"<p>Cobran\u00e7a de R$ 0,14 por litro financiava desconto em carros novos A Medida Provis\u00f3ria (MP) que criou o programa de&hellip;<\/p>\n","protected":false},"author":1,"featured_media":726,"comment_status":"closed","ping_status":"open","sticky":false,"template":"","format":"standard","meta":{"sfsi_plus_gutenberg_text_before_share":"","sfsi_plus_gutenberg_show_text_before_share":"","sfsi_plus_gutenberg_icon_type":"","sfsi_plus_gutenberg_icon_alignemt":"","sfsi_plus_gutenburg_max_per_row":"","footnotes":""},"categories":[8,12,1],"tags":[],"class_list":["post-725","post","type-post","status-publish","format-standard","has-post-thumbnail","hentry","category-brasil","category-capa","category-noticias"],"_links":{"self":[{"href":"https:\/\/noticiasregionais.com.br\/index.php?rest_route=\/wp\/v2\/posts\/725","targetHints":{"allow":["GET"]}}],"collection":[{"href":"https:\/\/noticiasregionais.com.br\/index.php?rest_route=\/wp\/v2\/posts"}],"about":[{"href":"https:\/\/noticiasregionais.com.br\/index.php?rest_route=\/wp\/v2\/types\/post"}],"author":[{"embeddable":true,"href":"https:\/\/noticiasregionais.com.br\/index.php?rest_route=\/wp\/v2\/users\/1"}],"replies":[{"embeddable":true,"href":"https:\/\/noticiasregionais.com.br\/index.php?rest_route=%2Fwp%2Fv2%2Fcomments&post=725"}],"version-history":[{"count":1,"href":"https:\/\/noticiasregionais.com.br\/index.php?rest_route=\/wp\/v2\/posts\/725\/revisions"}],"predecessor-version":[{"id":727,"href":"https:\/\/noticiasregionais.com.br\/index.php?rest_route=\/wp\/v2\/posts\/725\/revisions\/727"}],"wp:featuredmedia":[{"embeddable":true,"href":"https:\/\/noticiasregionais.com.br\/index.php?rest_route=\/wp\/v2\/media\/726"}],"wp:attachment":[{"href":"https:\/\/noticiasregionais.com.br\/index.php?rest_route=%2Fwp%2Fv2%2Fmedia&parent=725"}],"wp:term":[{"taxonomy":"category","embeddable":true,"href":"https:\/\/noticiasregionais.com.br\/index.php?rest_route=%2Fwp%2Fv2%2Fcategories&post=725"},{"taxonomy":"post_tag","embeddable":true,"href":"https:\/\/noticiasregionais.com.br\/index.php?rest_route=%2Fwp%2Fv2%2Ftags&post=725"}],"curies":[{"name":"wp","href":"https:\/\/api.w.org\/{rel}","templated":true}]}}