{"id":728,"date":"2023-10-05T07:26:29","date_gmt":"2023-10-05T10:26:29","guid":{"rendered":"https:\/\/noticiasregionais.com.br\/?p=728"},"modified":"2023-10-05T07:26:31","modified_gmt":"2023-10-05T10:26:31","slug":"policiais-militares-e-civis-prendem-dois-traficantes-em-ourinhos-e-chavantes","status":"publish","type":"post","link":"https:\/\/noticiasregionais.com.br\/?p=728","title":{"rendered":"Policiais militares e civis prendem dois traficantes em Ourinhos e Chavantes"},"content":{"rendered":"\n<p>Em uma opera\u00e7\u00e3o conjunta realizada em Ourinhos e Chavantes, policiais militares e civis prenderam dois traficantes na tarde desta quarta-feira, 4.<\/p>\n\n\n\n<p>A primeira pris\u00e3o ocorreu por volta das 14h na Rua Louren\u00e7o Jorge, em Ourinhos. A Pol\u00edcia Militar, por meio da Equipe K9 do 13\u00ba BAEP, em conjunto com a equipe da DISE &#8211; Delegacia de Investiga\u00e7\u00f5es sobre Entorpecentes, cumpriu um mandado de busca e apreens\u00e3o em uma resid\u00eancia. Durante a a\u00e7\u00e3o, o c\u00e3o farejador Draco indicou um sof\u00e1 existente em um quarto, sendo ali localizadas e apreendidas 0,004 kg de maconha. O morador do local, W. G. P., de 57 anos, foi preso em flagrante pelo crime de tr\u00e1fico de drogas.<\/p>\n\n\n\n<p>A segunda a\u00e7\u00e3o ocorreu \u00e0s 16h na Avenida Jo\u00e3o Martins, no bairro Chavantes Novo, em Chavantes. A Pol\u00edcia Militar, em conjunto com a equipe K9 do 13\u00ba BAEP e a equipe da DISE, tamb\u00e9m cumpriu um mandado de busca e apreens\u00e3o, resultando na pris\u00e3o de Valdeci S. B., de 40 anos, por tr\u00e1fico de drogas.<\/p>\n\n\n\n<p>Durante a opera\u00e7\u00e3o, o investigado foi abordado no interior da resid\u00eancia portando vinte e oito por\u00e7\u00f5es de crack embaladas para venda e uma por\u00e7\u00e3o maior da mesma droga ainda em seu estado bruto (0,011 kg). Na sequ\u00eancia, foi realizado o emprego do c\u00e3o farejador Draco que indicou um cesto de roupas existente em um quarto, sendo ali localizadas e apreendidas dezenove por\u00e7\u00f5es de maconha (0,016 kg).<\/p>\n\n\n\n<p>Os dois traficantes foram apresentados na DISE da cidade e Ourinhos, onde permaneceram \u00e0 disposi\u00e7\u00e3o da Justi\u00e7a.<\/p>\n\n\n\n<p><strong>C\u00e3es farejadores auxiliam no combate ao tr\u00e1fico de drogas<\/strong><\/p>\n\n\n\n<p>Os c\u00e3es farejadores s\u00e3o uma importante ferramenta no combate ao tr\u00e1fico de drogas. Eles s\u00e3o treinados para identificar o odor de diversos tipos de drogas, mesmo que estejam escondidas ou adulteradas.<\/p>\n\n\n\n<p>Neste caso, o c\u00e3o Draco foi fundamental para a localiza\u00e7\u00e3o das drogas apreendidas. Ele indicou os locais onde as drogas estavam escondidas, o que possibilitou a pris\u00e3o dos traficantes.<\/p>\n\n\n\n<p>O emprego de c\u00e3es farejadores \u00e9 uma estrat\u00e9gia eficaz para o combate ao tr\u00e1fico de drogas. Eles s\u00e3o capazes de localizar drogas em locais que seriam dif\u00edceis ou imposs\u00edveis de serem encontrados por humanos.<\/p>\n\n\n\n<p><sub>fonte: Setor de Comunica\u00e7\u00e3o K9 13\u00ba BAEP<\/sub><\/p>\n<input type=\"hidden\" id=\"baseurl\" value=\"https:\/\/noticiasregionais.com.br\"><input type=\"hidden\" id=\"audio_nonce\" value=\"533fbb67b1\">","protected":false},"excerpt":{"rendered":"<p>Em uma opera\u00e7\u00e3o conjunta realizada em Ourinhos e Chavantes, policiais militares e civis prenderam dois traficantes na tarde desta quarta-feira,&hellip;<\/p>\n","protected":false},"author":1,"featured_media":729,"comment_status":"closed","ping_status":"open","sticky":false,"template":"","format":"standard","meta":{"sfsi_plus_gutenberg_text_before_share":"","sfsi_plus_gutenberg_show_text_before_share":"","sfsi_plus_gutenberg_icon_type":"","sfsi_plus_gutenberg_icon_alignemt":"","sfsi_plus_gutenburg_max_per_row":"","footnotes":""},"categories":[1,12,5],"tags":[],"class_list":["post-728","post","type-post","status-publish","format-standard","has-post-thumbnail","hentry","category-noticias","category-capa","category-ourinhos"],"_links":{"self":[{"href":"https:\/\/noticiasregionais.com.br\/index.php?rest_route=\/wp\/v2\/posts\/728","targetHints":{"allow":["GET"]}}],"collection":[{"href":"https:\/\/noticiasregionais.com.br\/index.php?rest_route=\/wp\/v2\/posts"}],"about":[{"href":"https:\/\/noticiasregionais.com.br\/index.php?rest_route=\/wp\/v2\/types\/post"}],"author":[{"embeddable":true,"href":"https:\/\/noticiasregionais.com.br\/index.php?rest_route=\/wp\/v2\/users\/1"}],"replies":[{"embeddable":true,"href":"https:\/\/noticiasregionais.com.br\/index.php?rest_route=%2Fwp%2Fv2%2Fcomments&post=728"}],"version-history":[{"count":1,"href":"https:\/\/noticiasregionais.com.br\/index.php?rest_route=\/wp\/v2\/posts\/728\/revisions"}],"predecessor-version":[{"id":730,"href":"https:\/\/noticiasregionais.com.br\/index.php?rest_route=\/wp\/v2\/posts\/728\/revisions\/730"}],"wp:featuredmedia":[{"embeddable":true,"href":"https:\/\/noticiasregionais.com.br\/index.php?rest_route=\/wp\/v2\/media\/729"}],"wp:attachment":[{"href":"https:\/\/noticiasregionais.com.br\/index.php?rest_route=%2Fwp%2Fv2%2Fmedia&parent=728"}],"wp:term":[{"taxonomy":"category","embeddable":true,"href":"https:\/\/noticiasregionais.com.br\/index.php?rest_route=%2Fwp%2Fv2%2Fcategories&post=728"},{"taxonomy":"post_tag","embeddable":true,"href":"https:\/\/noticiasregionais.com.br\/index.php?rest_route=%2Fwp%2Fv2%2Ftags&post=728"}],"curies":[{"name":"wp","href":"https:\/\/api.w.org\/{rel}","templated":true}]}}