{"id":7294,"date":"2025-02-24T20:43:00","date_gmt":"2025-02-24T23:43:00","guid":{"rendered":"https:\/\/noticiasregionais.com.br\/?p=7294"},"modified":"2025-02-24T20:43:00","modified_gmt":"2025-02-24T23:43:00","slug":"pe-de-meia-pagamento-dos-incentivos-conclusao-e-enem-inicia-nesta-terca-feira-25","status":"publish","type":"post","link":"https:\/\/noticiasregionais.com.br\/?p=7294","title":{"rendered":"P\u00e9-de-meia: pagamento dos Incentivos Conclus\u00e3o e Enem inicia nesta ter\u00e7a-feira (25)"},"content":{"rendered":"<p>\t\t\t\t\t\t\t\t\t\t<audio controls class=\"b61_audio_player\" data-noticia=\"80461\" src=\"https:\/\/brasil61.com\/rails\/active_storage\/blobs\/eyJfcmFpbHMiOnsibWVzc2FnZSI6IkJBaHBBM0kzQXc9PSIsImV4cCI6bnVsbCwicHVyIjoiYmxvYl9pZCJ9fQ==--2cb8626edb2ac495435d70636a68307b518b9928\/PCXA250480A\"><\/audio><\/p>\n<p>A CAIXA paga nesta ter\u00e7a-feira (25)\u00a0parcela do Incentivo Conclus\u00e3o, no valor de mil reais, e Incentivo Enem, de duzentos reais, do Programa P\u00e9-de-Meia, aos estudantes aprovados no 3\u00ba ano do Ensino M\u00e9dio p\u00fablico em 2024, nascidos nos meses de janeiro a junho. Al\u00e9m da aprova\u00e7\u00e3o no Ensino M\u00e9dio, para recebimento do Incentivo ENEM \u00e9 necess\u00e1rio que o estudante tenha realizado os dois dias de prova.<\/p>\n<p>Os valores ser\u00e3o creditados em conta Poupan\u00e7a CAIXA Tem e podem ser movimentados preferencialmente pelo App CAIXA Tem. O estudante pode fazer transfer\u00eancias, PIX e pagar contas, direto no aplicativo do celular. Al\u00e9m disso, o aluno pode movimentar os valores com o cart\u00e3o do programa, fazendo compras e pagamentos.<\/p>\n<p>O Programa P\u00e9-de-Meia apoia a perman\u00eancia e a conclus\u00e3o escolar dos estudantes da rede p\u00fablica matriculados no Ensino M\u00e9dio Regular e Ensino M\u00e9dio da Educa\u00e7\u00e3o de Jovens e Adultos.<\/p>\n<p>Para mais informa\u00e7\u00f5es sobre os pagamentos do P\u00e9-de-Meia, acesse: www.caixa.gov.br.<br \/>\n\u00a0<\/p>\n<p>\t\t\t\t\t\t\t\t\t<img decoding=\"async\" src=\"https:\/\/brasil61.com\/api\/v1\/serve_pixel\/22254\/80461\" alt=\"Pixel Brasil 61\" class=\"b61_pixel\" width=\"0\" height=\"0\"><\/p>\n<div class=\"br61_backlink\">\n<p>\n\t\t\t\tFonte: <a href=\"https:\/\/brasil61.com\/pe-de-meia-pagamento-dos-incentivos-conclusao-e-enem-inicia-nesta-terca-feira-25-pcxa250480\" title=\"Artigo Original: P\u00e9-de-meia: pagamento dos Incentivos Conclus\u00e3o e Enem inicia nesta ter\u00e7a-feira (25)\" target=\"_blank\" rel=\"noopener\">Brasil 61<\/a>\n\t\t\t<\/p>\n<\/p><\/div>\n<input type=\"hidden\" id=\"baseurl\" value=\"https:\/\/noticiasregionais.com.br\"><input type=\"hidden\" id=\"audio_nonce\" value=\"533fbb67b1\">","protected":false},"excerpt":{"rendered":"<p>Os valores ser\u00e3o creditados em conta Poupan\u00e7a CAIXA Tem e podem ser movimentados preferencialmente pelo App CAIXA Tem. <\/p>\n","protected":false},"author":1,"featured_media":7295,"comment_status":"","ping_status":"open","sticky":false,"template":"","format":"standard","meta":{"sfsi_plus_gutenberg_text_before_share":"","sfsi_plus_gutenberg_show_text_before_share":"","sfsi_plus_gutenberg_icon_type":"","sfsi_plus_gutenberg_icon_alignemt":"","sfsi_plus_gutenburg_max_per_row":"","footnotes":""},"categories":[8],"tags":[],"class_list":["post-7294","post","type-post","status-publish","format-standard","has-post-thumbnail","hentry","category-brasil"],"_links":{"self":[{"href":"https:\/\/noticiasregionais.com.br\/index.php?rest_route=\/wp\/v2\/posts\/7294","targetHints":{"allow":["GET"]}}],"collection":[{"href":"https:\/\/noticiasregionais.com.br\/index.php?rest_route=\/wp\/v2\/posts"}],"about":[{"href":"https:\/\/noticiasregionais.com.br\/index.php?rest_route=\/wp\/v2\/types\/post"}],"author":[{"embeddable":true,"href":"https:\/\/noticiasregionais.com.br\/index.php?rest_route=\/wp\/v2\/users\/1"}],"replies":[{"embeddable":true,"href":"https:\/\/noticiasregionais.com.br\/index.php?rest_route=%2Fwp%2Fv2%2Fcomments&post=7294"}],"version-history":[{"count":0,"href":"https:\/\/noticiasregionais.com.br\/index.php?rest_route=\/wp\/v2\/posts\/7294\/revisions"}],"wp:featuredmedia":[{"embeddable":true,"href":"https:\/\/noticiasregionais.com.br\/index.php?rest_route=\/wp\/v2\/media\/7295"}],"wp:attachment":[{"href":"https:\/\/noticiasregionais.com.br\/index.php?rest_route=%2Fwp%2Fv2%2Fmedia&parent=7294"}],"wp:term":[{"taxonomy":"category","embeddable":true,"href":"https:\/\/noticiasregionais.com.br\/index.php?rest_route=%2Fwp%2Fv2%2Fcategories&post=7294"},{"taxonomy":"post_tag","embeddable":true,"href":"https:\/\/noticiasregionais.com.br\/index.php?rest_route=%2Fwp%2Fv2%2Ftags&post=7294"}],"curies":[{"name":"wp","href":"https:\/\/api.w.org\/{rel}","templated":true}]}}