{"id":731,"date":"2023-10-05T07:35:37","date_gmt":"2023-10-05T10:35:37","guid":{"rendered":"https:\/\/noticiasregionais.com.br\/?p=731"},"modified":"2023-10-05T07:35:49","modified_gmt":"2023-10-05T10:35:49","slug":"forca-tatica-prende-traficante-na-vila-margarida-em-ourinhos","status":"publish","type":"post","link":"https:\/\/noticiasregionais.com.br\/?p=731","title":{"rendered":"For\u00e7a T\u00e1tica prende traficante na Vila Margarida em Ourinhos"},"content":{"rendered":"\n<p>Uma equipe da For\u00e7a T\u00e1tica do 31\u00ba Batalh\u00e3o de Pol\u00edcia Militar do Interior prendeu um traficante na noite desta quarta-feira, 4, na Vila Margarida, em Ourinhos.<\/p>\n\n\n\n<p>A pris\u00e3o ocorreu por volta das 22h30, quando a equipe realizava patrulhamento t\u00e1tico pela regi\u00e3o. Os policiais visualizaram um indiv\u00edduo dentro de um ve\u00edculo parado pela via, que ao perceber a viatura tentou esconder a face para n\u00e3o ser reconhecido.<\/p>\n\n\n\n<p>Ao realizar a abordagem, os policiais encontraram uma por\u00e7\u00e3o de coca\u00edna no bolso do indiv\u00edduo. Questionado se haveria mais drogas, o suspeito disse que em sua resid\u00eancia haveria mais certa quantia.<\/p>\n\n\n\n<p>A equipe deslocou-se at\u00e9 a resid\u00eancia do suspeito, onde foi localizado mais drogas, incluindo maconha, crack e coca\u00edna. Diante dos fatos, o indiv\u00edduo foi preso em flagrante por tr\u00e1fico de drogas.<\/p>\n\n\n\n<p>O suspeito, que n\u00e3o teve a identidade divulgada, foi apresentado na Central de Pol\u00edcia Judici\u00e1ria de Ourinhos, onde permaneceu preso.<\/p>\n\n\n\n<p><strong>Pol\u00edcia Militar refor\u00e7a combate ao tr\u00e1fico de drogas<\/strong><\/p>\n\n\n\n<p>A pris\u00e3o do traficante na Vila Margarida \u00e9 mais um exemplo do trabalho da Pol\u00edcia Militar no combate ao tr\u00e1fico de drogas. A corpora\u00e7\u00e3o tem intensificado as a\u00e7\u00f5es de fiscaliza\u00e7\u00e3o e repress\u00e3o ao crime, com o objetivo de proteger a popula\u00e7\u00e3o e garantir a seguran\u00e7a p\u00fablica.<\/p>\n<input type=\"hidden\" id=\"baseurl\" value=\"https:\/\/noticiasregionais.com.br\"><input type=\"hidden\" id=\"audio_nonce\" value=\"533fbb67b1\">","protected":false},"excerpt":{"rendered":"<p>Uma equipe da For\u00e7a T\u00e1tica do 31\u00ba Batalh\u00e3o de Pol\u00edcia Militar do Interior prendeu um traficante na noite desta quarta-feira,&hellip;<\/p>\n","protected":false},"author":1,"featured_media":732,"comment_status":"closed","ping_status":"open","sticky":false,"template":"","format":"standard","meta":{"sfsi_plus_gutenberg_text_before_share":"","sfsi_plus_gutenberg_show_text_before_share":"","sfsi_plus_gutenberg_icon_type":"","sfsi_plus_gutenberg_icon_alignemt":"","sfsi_plus_gutenburg_max_per_row":"","footnotes":""},"categories":[5,10,1],"tags":[],"class_list":["post-731","post","type-post","status-publish","format-standard","has-post-thumbnail","hentry","category-ourinhos","category-destaques","category-noticias"],"_links":{"self":[{"href":"https:\/\/noticiasregionais.com.br\/index.php?rest_route=\/wp\/v2\/posts\/731","targetHints":{"allow":["GET"]}}],"collection":[{"href":"https:\/\/noticiasregionais.com.br\/index.php?rest_route=\/wp\/v2\/posts"}],"about":[{"href":"https:\/\/noticiasregionais.com.br\/index.php?rest_route=\/wp\/v2\/types\/post"}],"author":[{"embeddable":true,"href":"https:\/\/noticiasregionais.com.br\/index.php?rest_route=\/wp\/v2\/users\/1"}],"replies":[{"embeddable":true,"href":"https:\/\/noticiasregionais.com.br\/index.php?rest_route=%2Fwp%2Fv2%2Fcomments&post=731"}],"version-history":[{"count":1,"href":"https:\/\/noticiasregionais.com.br\/index.php?rest_route=\/wp\/v2\/posts\/731\/revisions"}],"predecessor-version":[{"id":733,"href":"https:\/\/noticiasregionais.com.br\/index.php?rest_route=\/wp\/v2\/posts\/731\/revisions\/733"}],"wp:featuredmedia":[{"embeddable":true,"href":"https:\/\/noticiasregionais.com.br\/index.php?rest_route=\/wp\/v2\/media\/732"}],"wp:attachment":[{"href":"https:\/\/noticiasregionais.com.br\/index.php?rest_route=%2Fwp%2Fv2%2Fmedia&parent=731"}],"wp:term":[{"taxonomy":"category","embeddable":true,"href":"https:\/\/noticiasregionais.com.br\/index.php?rest_route=%2Fwp%2Fv2%2Fcategories&post=731"},{"taxonomy":"post_tag","embeddable":true,"href":"https:\/\/noticiasregionais.com.br\/index.php?rest_route=%2Fwp%2Fv2%2Ftags&post=731"}],"curies":[{"name":"wp","href":"https:\/\/api.w.org\/{rel}","templated":true}]}}