{"id":734,"date":"2023-10-05T07:43:13","date_gmt":"2023-10-05T10:43:13","guid":{"rendered":"https:\/\/noticiasregionais.com.br\/?p=734"},"modified":"2023-10-05T07:43:24","modified_gmt":"2023-10-05T10:43:24","slug":"prf-flagra-motorista-de-caminhao-que-dirigia-sem-o-descanso-minimo-obrigatorio","status":"publish","type":"post","link":"https:\/\/noticiasregionais.com.br\/?p=734","title":{"rendered":"PRF flagra motorista de caminh\u00e3o que dirigia sem o descanso m\u00ednimo obrigat\u00f3rio"},"content":{"rendered":"\n<p class=\"has-text-align-center\"><strong>Ele confessou que tomou rebite para se manter acordado na viagem<\/strong><\/p>\n\n\n\n<p>Uma equipe da PRF parou um motorista na tarde desta quarta-feira (4) que dirigia sem o descanso m\u00ednimo obrigat\u00f3rio obrigado por lei. Ele trafegava com um caminh\u00e3o carregado com ra\u00e7\u00e3o e com ele foram encontrados seis comprimidos de anfetaminas, conhecidos popularmente por rebite, os quais s\u00e3o usados por motoristas para se manterem acordados por mais tempo que o normal.<\/p>\n\n\n\n<p>O flagrante ocorreu por volta das 15 horas em Mar\u00edlia\/SP, no quil\u00f4metro 259 da rodovia Transbrasiliana (BR-153), quando um policial rodovi\u00e1rio federal parou o ve\u00edculo e verificou seu tac\u00f3grafo, equipamento obrigat\u00f3rio que registra os hor\u00e1rios e velocidades durante a viagem, constatou que n\u00e3o houve o descanso m\u00ednimo de oito horas nas \u00faltimas 24. Com a desconfian\u00e7a que o homem poderia estar sob efeito de rebite, ele acabou por admitir que havia tomado quatro comprimidos na noite anterior e havia mais seis em sua mochila.<\/p>\n\n\n\n<p>A carga de ra\u00e7\u00e3o que estava no caminh\u00e3o fora carregada em Jacinto Machado, em Santa Catarina, com destino a Luzi\u00e2nia, em Goi\u00e1s. O percurso tem aproximadamente 1.850 quil\u00f4metros de dist\u00e2ncia.<\/p>\n\n\n\n<p>Contra o motorista, que tem 33 anos de idade, foi realizado um Termo Circunstanciado de Ocorr\u00eancia (TCO) por porte de drogas sendo que responder\u00e1 em liberdade. Para seguran\u00e7a dele e as demais pessoas no tr\u00e2nsito tamb\u00e9m foi determinado que ele ficasse estacionado por 11 horas antes de prosseguir viagem.<\/p>\n\n\n\n<p><sub>fonte: Base Descentralizada de Comunica\u00e7\u00e3o Social em Mar\u00edlia <\/sub><\/p>\n<input type=\"hidden\" id=\"baseurl\" value=\"https:\/\/noticiasregionais.com.br\"><input type=\"hidden\" id=\"audio_nonce\" value=\"533fbb67b1\">","protected":false},"excerpt":{"rendered":"<p>Ele confessou que tomou rebite para se manter acordado na viagem Uma equipe da PRF parou um motorista na tarde&hellip;<\/p>\n","protected":false},"author":1,"featured_media":735,"comment_status":"closed","ping_status":"open","sticky":false,"template":"","format":"standard","meta":{"sfsi_plus_gutenberg_text_before_share":"","sfsi_plus_gutenberg_show_text_before_share":"","sfsi_plus_gutenberg_icon_type":"","sfsi_plus_gutenberg_icon_alignemt":"","sfsi_plus_gutenburg_max_per_row":"","footnotes":""},"categories":[6,10,1],"tags":[],"class_list":["post-734","post","type-post","status-publish","format-standard","has-post-thumbnail","hentry","category-sao_paulo","category-destaques","category-noticias"],"_links":{"self":[{"href":"https:\/\/noticiasregionais.com.br\/index.php?rest_route=\/wp\/v2\/posts\/734","targetHints":{"allow":["GET"]}}],"collection":[{"href":"https:\/\/noticiasregionais.com.br\/index.php?rest_route=\/wp\/v2\/posts"}],"about":[{"href":"https:\/\/noticiasregionais.com.br\/index.php?rest_route=\/wp\/v2\/types\/post"}],"author":[{"embeddable":true,"href":"https:\/\/noticiasregionais.com.br\/index.php?rest_route=\/wp\/v2\/users\/1"}],"replies":[{"embeddable":true,"href":"https:\/\/noticiasregionais.com.br\/index.php?rest_route=%2Fwp%2Fv2%2Fcomments&post=734"}],"version-history":[{"count":1,"href":"https:\/\/noticiasregionais.com.br\/index.php?rest_route=\/wp\/v2\/posts\/734\/revisions"}],"predecessor-version":[{"id":736,"href":"https:\/\/noticiasregionais.com.br\/index.php?rest_route=\/wp\/v2\/posts\/734\/revisions\/736"}],"wp:featuredmedia":[{"embeddable":true,"href":"https:\/\/noticiasregionais.com.br\/index.php?rest_route=\/wp\/v2\/media\/735"}],"wp:attachment":[{"href":"https:\/\/noticiasregionais.com.br\/index.php?rest_route=%2Fwp%2Fv2%2Fmedia&parent=734"}],"wp:term":[{"taxonomy":"category","embeddable":true,"href":"https:\/\/noticiasregionais.com.br\/index.php?rest_route=%2Fwp%2Fv2%2Fcategories&post=734"},{"taxonomy":"post_tag","embeddable":true,"href":"https:\/\/noticiasregionais.com.br\/index.php?rest_route=%2Fwp%2Fv2%2Ftags&post=734"}],"curies":[{"name":"wp","href":"https:\/\/api.w.org\/{rel}","templated":true}]}}