{"id":7346,"date":"2025-03-21T00:09:00","date_gmt":"2025-03-21T03:09:00","guid":{"rendered":"https:\/\/noticiasregionais.com.br\/?p=7346"},"modified":"2025-03-21T00:09:00","modified_gmt":"2025-03-21T03:09:00","slug":"soja-e-trigo-registram-alta-nos-precos-nesta-sexta-feira-21","status":"publish","type":"post","link":"https:\/\/noticiasregionais.com.br\/?p=7346","title":{"rendered":"Soja e trigo registram alta nos pre\u00e7os, nesta sexta-feira (21)"},"content":{"rendered":"<p>\t\t\t\t\t\t\t\t\t\t<audio controls class=\"b61_audio_player\" data-noticia=\"80912\" src=\"https:\/\/brasil61.com\/rails\/active_storage\/blobs\/eyJfcmFpbHMiOnsibWVzc2FnZSI6IkJBaHBBd2MvQXc9PSIsImV4cCI6bnVsbCwicHVyIjoiYmxvYl9pZCJ9fQ==--d5b9354d80c2959090288b2e873901e73b66fd6b\/PAGR255415A\"><\/audio><\/p>\n<p>Ap\u00f3s alta de 0,49% no pre\u00e7o, a saca de 60 quilos de soja passou a ser negociada a R$ 127,99, nesta segunda-feira (21), em diferentes regi\u00f5es do interior do Paran\u00e1.\u00a0<\/p>\n<p>No litoral do estado, o movimento no pre\u00e7o do produto tamb\u00e9m foi de eleva\u00e7\u00e3o. Em Paranagu\u00e1, o valor da saca de 60 quilos subiu 0,41% e a mercadoria \u00e9 negociada a R$ 133,32.<\/p>\n<p>Em rela\u00e7\u00e3o ao trigo, no Paran\u00e1, houve salto de 0,44% no \u00faltimo fechamento, com a tonelada do produto vendida a R$ 1.526,50.<\/p>\n<p>No Rio Grande do Sul, por sua vez, o pre\u00e7o subiu 1,11% e a mercadoria \u00e9 negociada a R$ 1.423,46, por tonelada.\u00a0<\/p>\n<p>Os valores s\u00e3o do Cepea.\u00a0<\/p>\n<p>\u00a0<\/p>\n<p>\t\t\t\t\t\t\t\t\t<img decoding=\"async\" src=\"https:\/\/brasil61.com\/api\/v1\/serve_pixel\/22254\/80912\" alt=\"Pixel Brasil 61\" class=\"b61_pixel\" width=\"0\" height=\"0\"><\/p>\n<div class=\"br61_backlink\">\n<p>\n\t\t\t\tFonte: <a href=\"https:\/\/brasil61.com\/soja-e-trigo-registram-alta-nos-precos-nesta-sexta-feira-21-pagr255415\" title=\"Artigo Original: Soja e trigo registram alta nos pre\u00e7os, nesta sexta-feira (21)\" target=\"_blank\" rel=\"noopener\">Brasil 61<\/a>\n\t\t\t<\/p>\n<\/p><\/div>\n<input type=\"hidden\" id=\"baseurl\" value=\"https:\/\/noticiasregionais.com.br\"><input type=\"hidden\" id=\"audio_nonce\" value=\"533fbb67b1\">","protected":false},"excerpt":{"rendered":"<p>Em rela\u00e7\u00e3o ao trigo, no Paran\u00e1, houve salto de 0,44% no \u00faltimo fechamento, com a tonelada do produto vendida a R$ 1.526,50<\/p>\n","protected":false},"author":1,"featured_media":7347,"comment_status":"","ping_status":"open","sticky":false,"template":"","format":"standard","meta":{"sfsi_plus_gutenberg_text_before_share":"","sfsi_plus_gutenberg_show_text_before_share":"","sfsi_plus_gutenberg_icon_type":"","sfsi_plus_gutenberg_icon_alignemt":"","sfsi_plus_gutenburg_max_per_row":"","footnotes":""},"categories":[8],"tags":[],"class_list":["post-7346","post","type-post","status-publish","format-standard","has-post-thumbnail","hentry","category-brasil"],"_links":{"self":[{"href":"https:\/\/noticiasregionais.com.br\/index.php?rest_route=\/wp\/v2\/posts\/7346","targetHints":{"allow":["GET"]}}],"collection":[{"href":"https:\/\/noticiasregionais.com.br\/index.php?rest_route=\/wp\/v2\/posts"}],"about":[{"href":"https:\/\/noticiasregionais.com.br\/index.php?rest_route=\/wp\/v2\/types\/post"}],"author":[{"embeddable":true,"href":"https:\/\/noticiasregionais.com.br\/index.php?rest_route=\/wp\/v2\/users\/1"}],"replies":[{"embeddable":true,"href":"https:\/\/noticiasregionais.com.br\/index.php?rest_route=%2Fwp%2Fv2%2Fcomments&post=7346"}],"version-history":[{"count":0,"href":"https:\/\/noticiasregionais.com.br\/index.php?rest_route=\/wp\/v2\/posts\/7346\/revisions"}],"wp:featuredmedia":[{"embeddable":true,"href":"https:\/\/noticiasregionais.com.br\/index.php?rest_route=\/wp\/v2\/media\/7347"}],"wp:attachment":[{"href":"https:\/\/noticiasregionais.com.br\/index.php?rest_route=%2Fwp%2Fv2%2Fmedia&parent=7346"}],"wp:term":[{"taxonomy":"category","embeddable":true,"href":"https:\/\/noticiasregionais.com.br\/index.php?rest_route=%2Fwp%2Fv2%2Fcategories&post=7346"},{"taxonomy":"post_tag","embeddable":true,"href":"https:\/\/noticiasregionais.com.br\/index.php?rest_route=%2Fwp%2Fv2%2Ftags&post=7346"}],"curies":[{"name":"wp","href":"https:\/\/api.w.org\/{rel}","templated":true}]}}