{"id":740,"date":"2023-10-06T14:27:48","date_gmt":"2023-10-06T17:27:48","guid":{"rendered":"https:\/\/noticiasregionais.com.br\/?p=740"},"modified":"2023-10-06T14:27:51","modified_gmt":"2023-10-06T17:27:51","slug":"poupanca-tem-retirada-liquida-de-r-583-bilhoes-em-setembro","status":"publish","type":"post","link":"https:\/\/noticiasregionais.com.br\/?p=740","title":{"rendered":"Poupan\u00e7a tem retirada l\u00edquida de R$ 5,83 bilh\u00f5es em setembro"},"content":{"rendered":"\n<p class=\"has-text-align-center\"><strong>Rendimentos creditados nas contas somam R$ 6,15 bilh\u00f5es<\/strong><\/p>\n\n\n\n<p>Pelo terceiro m\u00eas seguido, o saldo da aplica\u00e7\u00e3o na caderneta de poupan\u00e7a voltou a cair com o registro de mais saques do que dep\u00f3sitos no m\u00eas passado. Em setembro, as sa\u00eddas superaram as entradas em R$ 5,83 bilh\u00f5es, de acordo com relat\u00f3rio divulgado nesta sexta-feira (6), em Bras\u00edlia, pelo Banco Central (BC).<img decoding=\"async\" src=\"https:\/\/agenciabrasil.ebc.com.br\/ebc.png?id=1559539&amp;o=node\"><img decoding=\"async\" src=\"https:\/\/agenciabrasil.ebc.com.br\/ebc.gif?id=1559539&amp;o=node\"><\/p>\n\n\n\n<p>O resultado negativo foi levemente menor do que o verificado em setembro de 2022,&nbsp;<a href=\"http:\/\/agenciabrasil.ebc.com.br\/economia\/noticia\/2023-09\/saques-da-poupanca-em-agosto-superam-depositos-em-r-101-bilhoes\" target=\"_blank\" rel=\"noreferrer noopener\">quando os brasileiros sacaram R$ 5,9 bilh\u00f5es a mais do que depositaram na poupan\u00e7a<\/a>. Em rela\u00e7\u00e3o ao m\u00eas anterior, a diferen\u00e7a foi maior; em agosto de 2023, houve sa\u00edda l\u00edquida de R$ 10,1 bilh\u00f5es.<\/p>\n\n\n\n<p>No m\u00eas passado, foram aplicados R$ 306,15 bilh\u00f5es, contra saques de R$ 311,99 bilh\u00f5es. Os rendimentos creditados nas contas de poupan\u00e7a somaram R$ 6,15 bilh\u00f5es.<\/p>\n\n\n\n<h2 class=\"wp-block-heading\">Retirada l\u00edquida de R$ 86,13 bilh\u00f5es<\/h2>\n\n\n\n<p>Com o resultado de setembro, a poupan\u00e7a acumula retirada l\u00edquida de R$ 86,13 bilh\u00f5es no acumulado do ano.<\/p>\n\n\n\n<p>Em 2022, a caderneta registrou fuga l\u00edquida (mais saques que dep\u00f3sitos) recorde de R$ 103,24 bilh\u00f5es, em um cen\u00e1rio de infla\u00e7\u00e3o e endividamento altos. Os rendimentos voltaram a ganhar da infla\u00e7\u00e3o por causa dos aumentos da taxa Selic (juros b\u00e1sicos da economia), mas outras aplica\u00e7\u00f5es de renda fixa continuam mais atraentes que a poupan\u00e7a.<\/p>\n\n\n\n<p>Em 2020, a poupan\u00e7a tinha registrado capta\u00e7\u00e3o l\u00edquida (dep\u00f3sitos menos saques) recorde de R$ 166,31 bilh\u00f5es.<\/p>\n\n\n\n<p>Contribu\u00edram para o resultado a instabilidade no mercado de t\u00edtulos p\u00fablicos no in\u00edcio da pandemia de covid-19 e o pagamento do aux\u00edlio emergencial, depositado em contas poupan\u00e7a digitais da Caixa Econ\u00f4mica Federal.<\/p>\n\n\n\n<p><sub>fonte: Ag\u00eancia Brasil &#8211; EBC<\/sub><\/p>\n<input type=\"hidden\" id=\"baseurl\" value=\"https:\/\/noticiasregionais.com.br\"><input type=\"hidden\" id=\"audio_nonce\" value=\"533fbb67b1\">","protected":false},"excerpt":{"rendered":"<p>Rendimentos creditados nas contas somam R$ 6,15 bilh\u00f5es Pelo terceiro m\u00eas seguido, o saldo da aplica\u00e7\u00e3o na caderneta de poupan\u00e7a&hellip;<\/p>\n","protected":false},"author":1,"featured_media":741,"comment_status":"closed","ping_status":"open","sticky":false,"template":"","format":"standard","meta":{"sfsi_plus_gutenberg_text_before_share":"","sfsi_plus_gutenberg_show_text_before_share":"","sfsi_plus_gutenberg_icon_type":"","sfsi_plus_gutenberg_icon_alignemt":"","sfsi_plus_gutenburg_max_per_row":"","footnotes":""},"categories":[8,10,1],"tags":[],"class_list":["post-740","post","type-post","status-publish","format-standard","has-post-thumbnail","hentry","category-brasil","category-destaques","category-noticias"],"_links":{"self":[{"href":"https:\/\/noticiasregionais.com.br\/index.php?rest_route=\/wp\/v2\/posts\/740","targetHints":{"allow":["GET"]}}],"collection":[{"href":"https:\/\/noticiasregionais.com.br\/index.php?rest_route=\/wp\/v2\/posts"}],"about":[{"href":"https:\/\/noticiasregionais.com.br\/index.php?rest_route=\/wp\/v2\/types\/post"}],"author":[{"embeddable":true,"href":"https:\/\/noticiasregionais.com.br\/index.php?rest_route=\/wp\/v2\/users\/1"}],"replies":[{"embeddable":true,"href":"https:\/\/noticiasregionais.com.br\/index.php?rest_route=%2Fwp%2Fv2%2Fcomments&post=740"}],"version-history":[{"count":1,"href":"https:\/\/noticiasregionais.com.br\/index.php?rest_route=\/wp\/v2\/posts\/740\/revisions"}],"predecessor-version":[{"id":742,"href":"https:\/\/noticiasregionais.com.br\/index.php?rest_route=\/wp\/v2\/posts\/740\/revisions\/742"}],"wp:featuredmedia":[{"embeddable":true,"href":"https:\/\/noticiasregionais.com.br\/index.php?rest_route=\/wp\/v2\/media\/741"}],"wp:attachment":[{"href":"https:\/\/noticiasregionais.com.br\/index.php?rest_route=%2Fwp%2Fv2%2Fmedia&parent=740"}],"wp:term":[{"taxonomy":"category","embeddable":true,"href":"https:\/\/noticiasregionais.com.br\/index.php?rest_route=%2Fwp%2Fv2%2Fcategories&post=740"},{"taxonomy":"post_tag","embeddable":true,"href":"https:\/\/noticiasregionais.com.br\/index.php?rest_route=%2Fwp%2Fv2%2Ftags&post=740"}],"curies":[{"name":"wp","href":"https:\/\/api.w.org\/{rel}","templated":true}]}}