{"id":743,"date":"2023-10-09T08:00:33","date_gmt":"2023-10-09T11:00:33","guid":{"rendered":"https:\/\/noticiasregionais.com.br\/?p=743"},"modified":"2023-10-09T08:00:36","modified_gmt":"2023-10-09T11:00:36","slug":"homem-morre-ao-ser-atingido-por-paraquedista-em-itapolis","status":"publish","type":"post","link":"https:\/\/noticiasregionais.com.br\/?p=743","title":{"rendered":"Homem morre ao ser atingido por paraquedista em It\u00e1polis"},"content":{"rendered":"\n<p class=\"has-text-align-center\"><strong>A v\u00edtima estava no solo junto a outras pessoas, quando o paraquedista de 33 anos avan\u00e7ou sobre a \u00e1rea destinada para o p\u00fablico<\/strong><\/p>\n\n\n\n<p>Um homem de 63 anos morreu ao ser atingido por um paraquedista durante uma apresenta\u00e7\u00e3o em It\u00e1polis, no interior de S\u00e3o Paulo, na tarde de s\u00e1bado (7).<\/p>\n\n\n\n<p>A v\u00edtima estava no solo junto a outras pessoas, quando o paraquedista de 33 anos avan\u00e7ou sobre a \u00e1rea destinada para o p\u00fablico. Uma testemunha gravou o momento do acidente ocorrido dentro da Aeroclube de It\u00e1polis.<\/p>\n\n\n\n<p>Conforme apurado pela Pol\u00edcia Militar, ap\u00f3s saltar de um avi\u00e3o, o paraquedista perdeu o controle do equipamento e atingiu as pessoas ao aterrissar.<\/p>\n\n\n\n<p>O homem morreu no local. Duas mulheres ficaram feridas e foram socorridas para um hospital na cidade.<\/p>\n\n\n\n<p>O presidente do aeroclube e organizador do evento, Josu\u00e9 Andrade, disse \u00e0 Folha que o acidente ocorreu no primeiro salto programado para o dia.<\/p>\n\n\n\n<p>Andrade explicou que os paraquedistas tinham outro ponto destinado para o pouso, uma \u00e1rea extensa e longe do p\u00fablico. Ele n\u00e3o soube precisar o que teria levado o profissional para aquele setor, uma vez que outros seis paraquedistas tomaram o trajeto combinado.<\/p>\n\n\n\n<p>De acordo com Andrade, o homem morto era da cidade de Cosm\u00f3polis (SP) e teria aproveitado uma visita a familiares na cidade para acompanhar o show a\u00e9reo.<\/p>\n\n\n\n<p>Segundo o presidente do aeroclube, o paraquedista teve fratura no f\u00eamur e em um dos bra\u00e7os, e foi encaminhado para a capital onde deve passar por cirurgia.<\/p>\n\n\n\n<p>A Pol\u00edcia Civil solicitou a presen\u00e7a da per\u00edcia. O caso foi registrado como homic\u00eddio culposo e les\u00e3o corporal na Delegacia de Pol\u00edcia de Ibitinga. A investiga\u00e7\u00e3o, no entanto, ser\u00e1 realizada pelo Distrito Policial de It\u00e1polis.<\/p>\n\n\n\n<p>O presidente do aeroclube e organizador do evento, Josu\u00e9 Andrade, gravou um v\u00eddeo em que falou sobre o acidente. Ele declarou ter adiado o evento em solidariedade \u00e0s v\u00edtimas.<\/p>\n\n\n\n<p>As pessoas que compraram ingressos para a apresenta\u00e7\u00e3o, que deveria ocorrer tamb\u00e9m neste domingo, devem aguardar por um comunicado da organiza\u00e7\u00e3o sobre os procedimentos a serem tomados, segundo Andrade.<\/p>\n\n\n\n<p>A Prefeitura de It\u00e1polis lamentou o ocorrido em uma publica\u00e7\u00e3o nas redes sociais.<\/p>\n\n\n\n<p><sub>fonte: Sampi \/ Folhapress<\/sub><\/p>\n<input type=\"hidden\" id=\"baseurl\" value=\"https:\/\/noticiasregionais.com.br\"><input type=\"hidden\" id=\"audio_nonce\" value=\"d83e465ad3\">","protected":false},"excerpt":{"rendered":"<p>A v\u00edtima estava no solo junto a outras pessoas, quando o paraquedista de 33 anos avan\u00e7ou sobre a \u00e1rea destinada&hellip;<\/p>\n","protected":false},"author":1,"featured_media":745,"comment_status":"closed","ping_status":"open","sticky":false,"template":"","format":"standard","meta":{"sfsi_plus_gutenberg_text_before_share":"","sfsi_plus_gutenberg_show_text_before_share":"","sfsi_plus_gutenberg_icon_type":"","sfsi_plus_gutenberg_icon_alignemt":"","sfsi_plus_gutenburg_max_per_row":"","footnotes":""},"categories":[6,10,1],"tags":[],"class_list":["post-743","post","type-post","status-publish","format-standard","has-post-thumbnail","hentry","category-sao_paulo","category-destaques","category-noticias"],"_links":{"self":[{"href":"https:\/\/noticiasregionais.com.br\/index.php?rest_route=\/wp\/v2\/posts\/743","targetHints":{"allow":["GET"]}}],"collection":[{"href":"https:\/\/noticiasregionais.com.br\/index.php?rest_route=\/wp\/v2\/posts"}],"about":[{"href":"https:\/\/noticiasregionais.com.br\/index.php?rest_route=\/wp\/v2\/types\/post"}],"author":[{"embeddable":true,"href":"https:\/\/noticiasregionais.com.br\/index.php?rest_route=\/wp\/v2\/users\/1"}],"replies":[{"embeddable":true,"href":"https:\/\/noticiasregionais.com.br\/index.php?rest_route=%2Fwp%2Fv2%2Fcomments&post=743"}],"version-history":[{"count":1,"href":"https:\/\/noticiasregionais.com.br\/index.php?rest_route=\/wp\/v2\/posts\/743\/revisions"}],"predecessor-version":[{"id":746,"href":"https:\/\/noticiasregionais.com.br\/index.php?rest_route=\/wp\/v2\/posts\/743\/revisions\/746"}],"wp:featuredmedia":[{"embeddable":true,"href":"https:\/\/noticiasregionais.com.br\/index.php?rest_route=\/wp\/v2\/media\/745"}],"wp:attachment":[{"href":"https:\/\/noticiasregionais.com.br\/index.php?rest_route=%2Fwp%2Fv2%2Fmedia&parent=743"}],"wp:term":[{"taxonomy":"category","embeddable":true,"href":"https:\/\/noticiasregionais.com.br\/index.php?rest_route=%2Fwp%2Fv2%2Fcategories&post=743"},{"taxonomy":"post_tag","embeddable":true,"href":"https:\/\/noticiasregionais.com.br\/index.php?rest_route=%2Fwp%2Fv2%2Ftags&post=743"}],"curies":[{"name":"wp","href":"https:\/\/api.w.org\/{rel}","templated":true}]}}