{"id":747,"date":"2023-10-09T08:25:13","date_gmt":"2023-10-09T11:25:13","guid":{"rendered":"https:\/\/noticiasregionais.com.br\/?p=747"},"modified":"2023-10-09T08:26:34","modified_gmt":"2023-10-09T11:26:34","slug":"sp-deposita-r-450-milhoes-em-bonus-para-181-mil-profissionais-da-rede","status":"publish","type":"post","link":"https:\/\/noticiasregionais.com.br\/?p=747","title":{"rendered":"SP deposita R$ 450 milh\u00f5es em b\u00f4nus para 181 mil profissionais da rede"},"content":{"rendered":"\n<p class=\"has-text-align-center\"><strong>M\u00e9dia paga \u00e9 de R$ 2,4 mil; confira as novas regras para o pagamento da bonifica\u00e7\u00e3o no ano que vem<\/strong><\/p>\n\n\n\n<p>A Secretaria da Educa\u00e7\u00e3o do Estado de S\u00e3o Paulo (<a href=\"https:\/\/www.educacao.sp.gov.br\/institucional\/a-secretaria\/\" target=\"_blank\" rel=\"noreferrer noopener\">Seduc-SP<\/a>) pagou na Sexta (6) R$ 450 milh\u00f5es em b\u00f4nus a 181.702 profissionais da rede que atuam nas mais de 5.000 escolas e nos \u00f3rg\u00e3os administrativos da pasta. A m\u00e9dia paga aos trabalhadores ser\u00e1 de R$ 2,4 mil.<\/p>\n\n\n\n<p>A bonifica\u00e7\u00e3o \u00e9 paga a partir dos resultados alcan\u00e7ados pela rede no ano letivo de 2022 e est\u00e1 atrelada ao Sistema de Avalia\u00e7\u00e3o de Rendimento Escolar do Estado de S\u00e3o Paulo (Saresp) e \u00cdndice de Desenvolvimento da Educa\u00e7\u00e3o de S\u00e3o Paulo (Idesp).<\/p>\n\n\n\n<p>Al\u00e9m das notas atingidas pelos estudantes na avalia\u00e7\u00e3o estadual, o Idesp leva em considera\u00e7\u00e3o outros \u00edndices, como o de fluxo escolar, que leva em considera\u00e7\u00e3o \u00edndices de aprova\u00e7\u00e3o e reprova\u00e7\u00e3o.<\/p>\n\n\n\n<h2 class=\"wp-block-heading\"><strong>Regra para b\u00f4nus ser\u00e1 diferente em 2024<\/strong><\/h2>\n\n\n\n<p>A partir de 2024, o pagamento ter\u00e1 como base os resultados da educa\u00e7\u00e3o paulista no \u00cdndice de Desenvolvimento da Educa\u00e7\u00e3o B\u00e1sica (Ideb), as condi\u00e7\u00f5es estruturais das escolas e perfil das unidades e alunos matriculados.<\/p>\n\n\n\n<p>O Ideb \u00e9 o \u00edndice nacional calculado a partir do resultado nas provas do Sistema de Avalia\u00e7\u00e3o da Educa\u00e7\u00e3o B\u00e1sica (Saeb) e dos dados de aprova\u00e7\u00e3o escolar.<\/p>\n\n\n\n<p>\u201cEm S\u00e3o Paulo, o Idesp \u00e9 muito importante para balizar as nossas a\u00e7\u00f5es a n\u00edvel estadual, a fim de garantir a melhor educa\u00e7\u00e3o para os nossos alunos. Mas, se queremos ter a melhor educa\u00e7\u00e3o do Brasil, precisamos estabelecer metas com base na compara\u00e7\u00e3o com os resultados de outras redes estaduais do pa\u00eds, por isso a nova regra para que o b\u00f4nus seja calculado a partir do Ideb\u201d, afirmou o secret\u00e1rio da Educa\u00e7\u00e3o,&nbsp;<a href=\"https:\/\/www.saopaulo.sp.gov.br\/orgaos-e-entidades\/secretarias\/educacao\/\" target=\"_blank\" rel=\"noreferrer noopener\">Renato Feder<\/a>.<\/p>\n<input type=\"hidden\" id=\"baseurl\" value=\"https:\/\/noticiasregionais.com.br\"><input type=\"hidden\" id=\"audio_nonce\" value=\"533fbb67b1\">","protected":false},"excerpt":{"rendered":"<p>M\u00e9dia paga \u00e9 de R$ 2,4 mil; confira as novas regras para o pagamento da bonifica\u00e7\u00e3o no ano que vem&hellip;<\/p>\n","protected":false},"author":1,"featured_media":750,"comment_status":"closed","ping_status":"open","sticky":false,"template":"","format":"standard","meta":{"sfsi_plus_gutenberg_text_before_share":"","sfsi_plus_gutenberg_show_text_before_share":"","sfsi_plus_gutenberg_icon_type":"","sfsi_plus_gutenberg_icon_alignemt":"","sfsi_plus_gutenburg_max_per_row":"","footnotes":""},"categories":[6,10,1],"tags":[],"class_list":["post-747","post","type-post","status-publish","format-standard","has-post-thumbnail","hentry","category-sao_paulo","category-destaques","category-noticias"],"_links":{"self":[{"href":"https:\/\/noticiasregionais.com.br\/index.php?rest_route=\/wp\/v2\/posts\/747","targetHints":{"allow":["GET"]}}],"collection":[{"href":"https:\/\/noticiasregionais.com.br\/index.php?rest_route=\/wp\/v2\/posts"}],"about":[{"href":"https:\/\/noticiasregionais.com.br\/index.php?rest_route=\/wp\/v2\/types\/post"}],"author":[{"embeddable":true,"href":"https:\/\/noticiasregionais.com.br\/index.php?rest_route=\/wp\/v2\/users\/1"}],"replies":[{"embeddable":true,"href":"https:\/\/noticiasregionais.com.br\/index.php?rest_route=%2Fwp%2Fv2%2Fcomments&post=747"}],"version-history":[{"count":1,"href":"https:\/\/noticiasregionais.com.br\/index.php?rest_route=\/wp\/v2\/posts\/747\/revisions"}],"predecessor-version":[{"id":749,"href":"https:\/\/noticiasregionais.com.br\/index.php?rest_route=\/wp\/v2\/posts\/747\/revisions\/749"}],"wp:featuredmedia":[{"embeddable":true,"href":"https:\/\/noticiasregionais.com.br\/index.php?rest_route=\/wp\/v2\/media\/750"}],"wp:attachment":[{"href":"https:\/\/noticiasregionais.com.br\/index.php?rest_route=%2Fwp%2Fv2%2Fmedia&parent=747"}],"wp:term":[{"taxonomy":"category","embeddable":true,"href":"https:\/\/noticiasregionais.com.br\/index.php?rest_route=%2Fwp%2Fv2%2Fcategories&post=747"},{"taxonomy":"post_tag","embeddable":true,"href":"https:\/\/noticiasregionais.com.br\/index.php?rest_route=%2Fwp%2Fv2%2Ftags&post=747"}],"curies":[{"name":"wp","href":"https:\/\/api.w.org\/{rel}","templated":true}]}}