{"id":751,"date":"2023-10-09T10:26:13","date_gmt":"2023-10-09T13:26:13","guid":{"rendered":"https:\/\/noticiasregionais.com.br\/?p=751"},"modified":"2023-10-09T10:26:24","modified_gmt":"2023-10-09T13:26:24","slug":"policia-militar-apreende-veiculo-com-som-alto-em-santana-do-itarare","status":"publish","type":"post","link":"https:\/\/noticiasregionais.com.br\/?p=751","title":{"rendered":"Pol\u00edcia Militar apreende ve\u00edculo com som alto em Santana do Itarar\u00e9"},"content":{"rendered":"\n<p>Policiais Militares do 2\u00ba Batalh\u00e3o da Pol\u00edcia Militar do Paran\u00e1 (2\u00ba BPM), em Santana do Itarar\u00e9, apreenderam um ve\u00edculo com som alto na noite de quinta-feira (06).<\/p>\n\n\n\n<p>De acordo com a nota de imprensa da corpora\u00e7\u00e3o, os policiais receberam uma den\u00fancia de que havia som em volume extremamente alto em frente \u00e0 uma distribuidora de bebidas no Centro da cidade.<\/p>\n\n\n\n<p>No deslocamento at\u00e9 o local, a cerca de 300 metros j\u00e1 era poss\u00edvel ouvir o som em volume excessivo. Ao chegar, foi poss\u00edvel constatar que o som era proveniente de um ve\u00edculo, modelo VW Saveiro de cor vermelha.<\/p>\n\n\n\n<p>O ve\u00edculo encontrava-se com caracter\u00edsticas alteradas, com a suspens\u00e3o rebaixada. Al\u00e9m disso, o ve\u00edculo possui d\u00e9bitos administrativos.<\/p>\n\n\n\n<p>Diante dos fatos, o ve\u00edculo foi apreendido, juntamente com o aparelho de som, confeccionados os autos de infra\u00e7\u00e3o de tr\u00e2nsito pertinentes e o propriet\u00e1rio foi conduzido at\u00e9 o destacamento policial para lavratura de Termo Circunstanciado por perturba\u00e7\u00e3o do sossego, sendo liberado em seguida.<\/p>\n\n\n\n<p>A a\u00e7\u00e3o dos policiais militares visa coibir atos que perturbem a tranquilidade da popula\u00e7\u00e3o.<\/p>\n\n\n<div class=\"wp-block-image\">\n<figure class=\"aligncenter size-large\"><img decoding=\"async\" width=\"1024\" height=\"576\" src=\"https:\/\/noticiasregionais.com.br\/wp-content\/uploads\/2023\/10\/WhatsApp-Image-2023-10-09-at-10.00.37-1024x576.jpeg\" alt=\"\" class=\"wp-image-753\" srcset=\"https:\/\/noticiasregionais.com.br\/wp-content\/uploads\/2023\/10\/WhatsApp-Image-2023-10-09-at-10.00.37-1024x576.jpeg 1024w, https:\/\/noticiasregionais.com.br\/wp-content\/uploads\/2023\/10\/WhatsApp-Image-2023-10-09-at-10.00.37-300x169.jpeg 300w, https:\/\/noticiasregionais.com.br\/wp-content\/uploads\/2023\/10\/WhatsApp-Image-2023-10-09-at-10.00.37-768x432.jpeg 768w, https:\/\/noticiasregionais.com.br\/wp-content\/uploads\/2023\/10\/WhatsApp-Image-2023-10-09-at-10.00.37.jpeg 1280w\" sizes=\"(max-width: 1024px) 100vw, 1024px\" \/><\/figure>\n<\/div><input type=\"hidden\" id=\"baseurl\" value=\"https:\/\/noticiasregionais.com.br\"><input type=\"hidden\" id=\"audio_nonce\" value=\"533fbb67b1\">","protected":false},"excerpt":{"rendered":"<p>Policiais Militares do 2\u00ba Batalh\u00e3o da Pol\u00edcia Militar do Paran\u00e1 (2\u00ba BPM), em Santana do Itarar\u00e9, apreenderam um ve\u00edculo com&hellip;<\/p>\n","protected":false},"author":1,"featured_media":752,"comment_status":"closed","ping_status":"open","sticky":false,"template":"","format":"standard","meta":{"sfsi_plus_gutenberg_text_before_share":"","sfsi_plus_gutenberg_show_text_before_share":"","sfsi_plus_gutenberg_icon_type":"","sfsi_plus_gutenberg_icon_alignemt":"","sfsi_plus_gutenburg_max_per_row":"","footnotes":""},"categories":[7,10,1],"tags":[],"class_list":["post-751","post","type-post","status-publish","format-standard","has-post-thumbnail","hentry","category-parana","category-destaques","category-noticias"],"_links":{"self":[{"href":"https:\/\/noticiasregionais.com.br\/index.php?rest_route=\/wp\/v2\/posts\/751","targetHints":{"allow":["GET"]}}],"collection":[{"href":"https:\/\/noticiasregionais.com.br\/index.php?rest_route=\/wp\/v2\/posts"}],"about":[{"href":"https:\/\/noticiasregionais.com.br\/index.php?rest_route=\/wp\/v2\/types\/post"}],"author":[{"embeddable":true,"href":"https:\/\/noticiasregionais.com.br\/index.php?rest_route=\/wp\/v2\/users\/1"}],"replies":[{"embeddable":true,"href":"https:\/\/noticiasregionais.com.br\/index.php?rest_route=%2Fwp%2Fv2%2Fcomments&post=751"}],"version-history":[{"count":1,"href":"https:\/\/noticiasregionais.com.br\/index.php?rest_route=\/wp\/v2\/posts\/751\/revisions"}],"predecessor-version":[{"id":754,"href":"https:\/\/noticiasregionais.com.br\/index.php?rest_route=\/wp\/v2\/posts\/751\/revisions\/754"}],"wp:featuredmedia":[{"embeddable":true,"href":"https:\/\/noticiasregionais.com.br\/index.php?rest_route=\/wp\/v2\/media\/752"}],"wp:attachment":[{"href":"https:\/\/noticiasregionais.com.br\/index.php?rest_route=%2Fwp%2Fv2%2Fmedia&parent=751"}],"wp:term":[{"taxonomy":"category","embeddable":true,"href":"https:\/\/noticiasregionais.com.br\/index.php?rest_route=%2Fwp%2Fv2%2Fcategories&post=751"},{"taxonomy":"post_tag","embeddable":true,"href":"https:\/\/noticiasregionais.com.br\/index.php?rest_route=%2Fwp%2Fv2%2Ftags&post=751"}],"curies":[{"name":"wp","href":"https:\/\/api.w.org\/{rel}","templated":true}]}}