{"id":758,"date":"2023-10-09T10:46:03","date_gmt":"2023-10-09T13:46:03","guid":{"rendered":"https:\/\/noticiasregionais.com.br\/?p=758"},"modified":"2023-10-09T10:46:06","modified_gmt":"2023-10-09T13:46:06","slug":"lei-geral-do-licenciamento-ambiental-visa-destravar-investimento-em-infraestrutura","status":"publish","type":"post","link":"https:\/\/noticiasregionais.com.br\/?p=758","title":{"rendered":"Lei Geral do Licenciamento Ambiental visa destravar investimento em infraestrutura"},"content":{"rendered":"\n<p>Aprovada pela C\u00e2mara dos Deputados em 2021 e parada no Senado desde ent\u00e3o, a Lei Geral do Licenciamento Ambiental (<a href=\"https:\/\/legis.senado.leg.br\/sdleg-getter\/documento?dm=8979282&amp;ts=1685820193529&amp;disposition=inline&amp;_gl=1*pbztjl*_ga*MTQ2ODE0NzIxOC4xNjcyMjQ1NjA1*_ga_CW3ZH25XMK*MTY5NjYxNjAzNC4xNDYuMC4xNjk2NjE2MDM0LjAuMC4w\" target=\"_blank\" rel=\"noopener\">Projeto de Lei 2159\/2021<\/a>) quer destravar os investimentos em infraestrutura no pa\u00eds. A proposta estabelece que obras de saneamento b\u00e1sico, distribui\u00e7\u00e3o de energia el\u00e9trica de baixa e m\u00e9dia tens\u00e3o, melhoria e manuten\u00e7\u00e3o de rodovias e portos estariam dispensadas do processo.&nbsp;<\/p>\n\n\n\n<p>Especialista em direito ambiental, Alexandre Aroeira Salles explica que o texto permite menos burocracia para realiza\u00e7\u00e3o de obras que v\u00e3o melhorar os servi\u00e7os de energia que chegam \u00e0s resid\u00eancias, ao com\u00e9rcio e \u00e0s pequenas e m\u00e9dias ind\u00fastrias.&nbsp;<\/p>\n\n\n\n<p>&#8220;Isso certamente acarretar\u00e1 mais efici\u00eancia em projetos de novas instala\u00e7\u00f5es de distribui\u00e7\u00e3o de energia em \u00e1reas urbanas e \u00e1reas rurais, bem como projetos industriais e de transforma\u00e7\u00e3o de pequeno e m\u00e9dio porte que n\u00e3o necessitar\u00e3o de um licenciamento espec\u00edfico secund\u00e1rio para liga\u00e7\u00e3o das plantas \u00e0 rede principal&#8221;, aponta.&nbsp;<\/p>\n\n\n\n<p>Salles afirma que a dispensa de licenciamento para obras de saneamento b\u00e1sico, por exemplo, contribuiria para a meta de universalizar os servi\u00e7os de esgotamento sanit\u00e1rio e distribui\u00e7\u00e3o de \u00e1gua pot\u00e1vel at\u00e9 2033, conforme previsto no marco legal do setor aprovado pelo Congresso Nacional em 2020.&nbsp;<\/p>\n\n\n\n<p>Carente de uma rede de escoamento da produ\u00e7\u00e3o&nbsp;adequada, o pa\u00eds tamb\u00e9m se beneficiaria da n\u00e3o exig\u00eancia de licenciamento para servi\u00e7os e obras que visam manter ou melhorar rodovias e instala\u00e7\u00f5es portu\u00e1rias, acredita Salles.&nbsp;<\/p>\n\n\n\n<p>&#8220;A dispensa de licenciamento para melhoria de portos e aeroportos apresenta inova\u00e7\u00e3o importante por facilitar investimentos em reformas e manuten\u00e7\u00e3o de estruturas log\u00edsticas essenciais para o desenvolvimento do pa\u00eds, por considerar que os impactos ambientais j\u00e1 foram dimensionados no licenciamento ambiental original&#8221;, explica o especialista.<\/p>\n\n\n\n<p><a href=\"https:\/\/brasil61.com\/n\/demora-no-licenciamento-ambiental-prejudica-crescimento-do-pais-afirma-especialista-pind233823\" target=\"_blank\" rel=\"noreferrer noopener\">Demora no licenciamento ambiental prejudica crescimento do pa\u00eds, afirma especialista<\/a><\/p>\n\n\n\n<p><a href=\"https:\/\/brasil61.com\/n\/aprovar-a-lei-geral-de-licenciamento-ambiental-e-urgente-defende-abema-pind234044\" target=\"_blank\" rel=\"noopener\">Aprovar a Lei Geral de Licenciamento Ambiental \u00e9 urgente, defende Abema<\/a><\/p>\n\n\n\n<p><a href=\"https:\/\/brasil61.com\/n\/licenciamento-ambiental-demora-para-analise-atrapalha-setor-produtivo-pind233925\" target=\"_blank\" rel=\"noopener\">Licenciamento ambiental: demora para an\u00e1lise atrapalha setor produtivo<\/a><\/p>\n\n\n\n<h2 class=\"wp-block-heading\">Ressalva<\/h2>\n\n\n\n<p>De acordo com o texto, a n\u00e3o sujei\u00e7\u00e3o de alguns empreendimentos ao licenciamento ambiental n\u00e3o afasta dos empreendedores a responsabilidade de obter, quando a lei assim exigir, autoriza\u00e7\u00e3o para suprimir a vegeta\u00e7\u00e3o negativa da \u00e1rea, outorga para uso dos recursos h\u00eddricos e outras permiss\u00f5es.&nbsp;<\/p>\n\n\n\n<p>Um dos defensores da proposta no Congresso Nacional, o senador Zequinha Marinho (Podemos-PA) destaca que a dispensa de licenciamento para atividades de baixo impacto n\u00e3o \u00e9 novidade do texto.<\/p>\n\n\n\n<p>&#8220;No passado, os governos estaduais faziam uma rela\u00e7\u00e3o daquelas a\u00e7\u00f5es e imediatamente emitiam um decreto dispensando o licenciamento, porque ningu\u00e9m dava conta de coisinhas insignificantes e processos enormes, burocr\u00e1ticos, para dizer aquilo que todo mundo j\u00e1 sabia que seria dito: &#8216;n\u00e3o h\u00e1 impacto, a licen\u00e7a est\u00e1 concedida&#8217; &#8220;, afirma.&nbsp;<\/p>\n\n\n\n<p>Ele aposta que a simplifica\u00e7\u00e3o na obten\u00e7\u00e3o de licen\u00e7as prevista pelo texto vai destravar os investimentos no pa\u00eds. &#8220;Tenham certeza que na hora que a gente puder desburocratizar isso, simplificar o processo ou at\u00e9 retirar em alguns casos, como esses, a quest\u00e3o da necessidade da licen\u00e7a ambiental, voc\u00ea solta os investimentos de maneira muito r\u00e1pida e muito positiva&#8221;, diz.&nbsp;<\/p>\n\n\n\n<p>Segundo a proposta, tamb\u00e9m n\u00e3o exigiriam licen\u00e7a ambiental:&nbsp;<\/p>\n\n\n\n<ul class=\"wp-block-list\">\n<li>Atividades ou empreendimentos de car\u00e1ter militar previstos no preparo e emprego das For\u00e7as Armadas;<\/li>\n\n\n\n<li>Atividades ou empreendimentos considerados de porte insignificante pela autoridade licenciadora;&nbsp;<\/li>\n\n\n\n<li>Obras e interven\u00e7\u00f5es emergenciais em resposta a colapso de obras de infraestrutura, a acidentes ou a desastres;<\/li>\n\n\n\n<li>Obras e interven\u00e7\u00f5es que tenham como finalidade prevenir dano ambiental iminente ou interromper situa\u00e7\u00e3o que gere risco \u00e0 vida;<\/li>\n\n\n\n<li>Pontos de entrega volunt\u00e1ria ou similares abrangidos por sistemas de log\u00edstica reversa;<\/li>\n\n\n\n<li>Usinas de triagem de res\u00edduos s\u00f3lidos, mecanizadas ou n\u00e3o;<\/li>\n\n\n\n<li>P\u00e1tios, estruturas e equipamentos para compostagem de res\u00edduos org\u00e2nicos;<\/li>\n\n\n\n<li>Usinas de reciclagem de res\u00edduos da constru\u00e7\u00e3o civil;<\/li>\n\n\n\n<li>Ecopontos e ecocentros;<\/li>\n\n\n\n<li>Cultivo de esp\u00e9cies de interesse agr\u00edcola;<\/li>\n\n\n\n<li>Pecu\u00e1ria extensiva e semi-intensiva;<\/li>\n\n\n\n<li>Pecu\u00e1ria intensiva de pequeno porte;<\/li>\n\n\n\n<li>Pesquisa de natureza agropecu\u00e1ria que n\u00e3o implique risco biol\u00f3gico.&nbsp;<\/li>\n<\/ul>\n\n\n\n<p>Fonte: <a href=\"https:\/\/brasil61.com\/n\/lei-geral-do-licenciamento-ambiental-visa-destravar-investimento-em-infraestrutura-pind234276\" target=\"_blank\" rel=\"noreferrer noopener\">Brasil 61<\/a><\/p>\n<input type=\"hidden\" id=\"baseurl\" value=\"https:\/\/noticiasregionais.com.br\"><input type=\"hidden\" id=\"audio_nonce\" value=\"533fbb67b1\">","protected":false},"excerpt":{"rendered":"<p>Aprovada pela C\u00e2mara dos Deputados em 2021 e parada no Senado desde ent\u00e3o, a Lei Geral do Licenciamento Ambiental (Projeto&hellip;<\/p>\n","protected":false},"author":1,"featured_media":759,"comment_status":"closed","ping_status":"open","sticky":false,"template":"","format":"standard","meta":{"sfsi_plus_gutenberg_text_before_share":"","sfsi_plus_gutenberg_show_text_before_share":"","sfsi_plus_gutenberg_icon_type":"","sfsi_plus_gutenberg_icon_alignemt":"","sfsi_plus_gutenburg_max_per_row":"","footnotes":""},"categories":[8,10,1],"tags":[],"class_list":["post-758","post","type-post","status-publish","format-standard","has-post-thumbnail","hentry","category-brasil","category-destaques","category-noticias"],"_links":{"self":[{"href":"https:\/\/noticiasregionais.com.br\/index.php?rest_route=\/wp\/v2\/posts\/758","targetHints":{"allow":["GET"]}}],"collection":[{"href":"https:\/\/noticiasregionais.com.br\/index.php?rest_route=\/wp\/v2\/posts"}],"about":[{"href":"https:\/\/noticiasregionais.com.br\/index.php?rest_route=\/wp\/v2\/types\/post"}],"author":[{"embeddable":true,"href":"https:\/\/noticiasregionais.com.br\/index.php?rest_route=\/wp\/v2\/users\/1"}],"replies":[{"embeddable":true,"href":"https:\/\/noticiasregionais.com.br\/index.php?rest_route=%2Fwp%2Fv2%2Fcomments&post=758"}],"version-history":[{"count":1,"href":"https:\/\/noticiasregionais.com.br\/index.php?rest_route=\/wp\/v2\/posts\/758\/revisions"}],"predecessor-version":[{"id":760,"href":"https:\/\/noticiasregionais.com.br\/index.php?rest_route=\/wp\/v2\/posts\/758\/revisions\/760"}],"wp:featuredmedia":[{"embeddable":true,"href":"https:\/\/noticiasregionais.com.br\/index.php?rest_route=\/wp\/v2\/media\/759"}],"wp:attachment":[{"href":"https:\/\/noticiasregionais.com.br\/index.php?rest_route=%2Fwp%2Fv2%2Fmedia&parent=758"}],"wp:term":[{"taxonomy":"category","embeddable":true,"href":"https:\/\/noticiasregionais.com.br\/index.php?rest_route=%2Fwp%2Fv2%2Fcategories&post=758"},{"taxonomy":"post_tag","embeddable":true,"href":"https:\/\/noticiasregionais.com.br\/index.php?rest_route=%2Fwp%2Fv2%2Ftags&post=758"}],"curies":[{"name":"wp","href":"https:\/\/api.w.org\/{rel}","templated":true}]}}