{"id":761,"date":"2023-10-09T10:54:10","date_gmt":"2023-10-09T13:54:10","guid":{"rendered":"https:\/\/noticiasregionais.com.br\/?p=761"},"modified":"2023-10-09T10:54:22","modified_gmt":"2023-10-09T13:54:22","slug":"operacao-reforco-em-santo-antonio-da-platina-apreende-235-quilos-de-maconha","status":"publish","type":"post","link":"https:\/\/noticiasregionais.com.br\/?p=761","title":{"rendered":"Opera\u00e7\u00e3o Refor\u00e7o em Santo Ant\u00f4nio da Platina apreende 235 quilos de Maconha."},"content":{"rendered":"\n<p>Durante a\u00e7\u00f5es da \u201cOpera\u00e7\u00e3o Refor\u00e7o Santo Ant\u00f4nio da Platina\u201d, na tarde de ontem (08\/10\/2023), por volta das 18h00min, os policiais militares da Ag\u00eancia de Intelig\u00eancia do 2\u00ba BPM levantaram informa\u00e7\u00f5es dando conta que um ve\u00edculo WV\/Gol (G5), cor branca, que pertence a um indiv\u00edduo envolvido com o narcotr\u00e1fico platinense, havia acabado de passar pela cidade de Nova F\u00e1tima, sentido Santo Ant\u00f4nio da Platina e existiam fortes ind\u00edcios de que estava transportando drogas.<\/p>\n\n\n\n<p>Diante da fundada suspeita, os policiais militares empenhados na Opera\u00e7\u00e3o deflagraram as a\u00e7\u00f5es para abordar o carro. Em dado momento, as equipes localizaram o ve\u00edculo suspeito chegando ao trevo platinense, vindo da regi\u00e3o de Andir\u00e1\/PR.<\/p>\n\n\n\n<p>Foi realizado o cerco e o ve\u00edculo tentou empreender fuga, todavia, parou logo a frente e foi abordado. Os ocupantes foram identificados: um homem (21 anos) e uma mulher (18 anos), moradores da cidade de Gua\u00edra\/PR.<\/p>\n\n\n\n<p>Em revista no carro, os policiais encontraram dezenas de tabletes de maconha, que pesaram um total de 235 kg (duzentos e trinta e cinco quilos) da droga.<\/p>\n\n\n\n<p>Indagados, os abordados informaram que pegaram a droga na cidade paraguaia de Salto del Guair\u00e1 e que o entorpecente pertencia a uma pessoa de Santo Ant\u00f4nio da Platina\/PR. Informaram tamb\u00e9m que receberiam um total de R$ 10 mil pelo servi\u00e7o de transporte.<\/p>\n\n\n\n<p>Diante do flagrante delito de Tr\u00e1fico Internacional de Drogas, os dois abordados receberam voz de pris\u00e3o e foram encaminhados para Delegacia da Pol\u00edcia Federal de Londrina\/PR.<\/p>\n<input type=\"hidden\" id=\"baseurl\" value=\"https:\/\/noticiasregionais.com.br\"><input type=\"hidden\" id=\"audio_nonce\" value=\"533fbb67b1\">","protected":false},"excerpt":{"rendered":"<p>Durante a\u00e7\u00f5es da \u201cOpera\u00e7\u00e3o Refor\u00e7o Santo Ant\u00f4nio da Platina\u201d, na tarde de ontem (08\/10\/2023), por volta das 18h00min, os policiais&hellip;<\/p>\n","protected":false},"author":1,"featured_media":762,"comment_status":"closed","ping_status":"open","sticky":false,"template":"","format":"standard","meta":{"sfsi_plus_gutenberg_text_before_share":"","sfsi_plus_gutenberg_show_text_before_share":"","sfsi_plus_gutenberg_icon_type":"","sfsi_plus_gutenberg_icon_alignemt":"","sfsi_plus_gutenburg_max_per_row":"","footnotes":""},"categories":[7,12,1],"tags":[],"class_list":["post-761","post","type-post","status-publish","format-standard","has-post-thumbnail","hentry","category-parana","category-capa","category-noticias"],"_links":{"self":[{"href":"https:\/\/noticiasregionais.com.br\/index.php?rest_route=\/wp\/v2\/posts\/761","targetHints":{"allow":["GET"]}}],"collection":[{"href":"https:\/\/noticiasregionais.com.br\/index.php?rest_route=\/wp\/v2\/posts"}],"about":[{"href":"https:\/\/noticiasregionais.com.br\/index.php?rest_route=\/wp\/v2\/types\/post"}],"author":[{"embeddable":true,"href":"https:\/\/noticiasregionais.com.br\/index.php?rest_route=\/wp\/v2\/users\/1"}],"replies":[{"embeddable":true,"href":"https:\/\/noticiasregionais.com.br\/index.php?rest_route=%2Fwp%2Fv2%2Fcomments&post=761"}],"version-history":[{"count":1,"href":"https:\/\/noticiasregionais.com.br\/index.php?rest_route=\/wp\/v2\/posts\/761\/revisions"}],"predecessor-version":[{"id":763,"href":"https:\/\/noticiasregionais.com.br\/index.php?rest_route=\/wp\/v2\/posts\/761\/revisions\/763"}],"wp:featuredmedia":[{"embeddable":true,"href":"https:\/\/noticiasregionais.com.br\/index.php?rest_route=\/wp\/v2\/media\/762"}],"wp:attachment":[{"href":"https:\/\/noticiasregionais.com.br\/index.php?rest_route=%2Fwp%2Fv2%2Fmedia&parent=761"}],"wp:term":[{"taxonomy":"category","embeddable":true,"href":"https:\/\/noticiasregionais.com.br\/index.php?rest_route=%2Fwp%2Fv2%2Fcategories&post=761"},{"taxonomy":"post_tag","embeddable":true,"href":"https:\/\/noticiasregionais.com.br\/index.php?rest_route=%2Fwp%2Fv2%2Ftags&post=761"}],"curies":[{"name":"wp","href":"https:\/\/api.w.org\/{rel}","templated":true}]}}