{"id":768,"date":"2023-10-11T19:18:34","date_gmt":"2023-10-11T22:18:34","guid":{"rendered":"https:\/\/noticiasregionais.com.br\/?p=768"},"modified":"2023-10-11T20:13:33","modified_gmt":"2023-10-11T23:13:33","slug":"k9-do-13o-baep-apoia-pm-de-salto-grande-e-dise-em-apreensao-de-drogas-e-acusado-por-trafico","status":"publish","type":"post","link":"https:\/\/noticiasregionais.com.br\/?p=768","title":{"rendered":"K9 do 13\u00ba BAEP apoia PM de Salto Grande e DISE em apreens\u00e3o de drogas e acusado por tr\u00e1fico"},"content":{"rendered":"\n<p>A Pol\u00edcia Militar, por meio de Equipe K9 do 13\u00ba BAEP e Equipe de Policiamento de \u00c1rea de Salto Grande, em Opera\u00e7\u00e3o Conjunta com equipe da DISE &#8211; Delegacia de Investiga\u00e7\u00f5es sobre Entorpecentes, prendeu M. J. F. S. (24 anos), pelo crime de Tr\u00e1fico de Drogas.<\/p>\n\n\n\n<p>A pris\u00e3o ocorreu na manh\u00e3 desta quarta-feira (11), na Travessa Padre Jos\u00e9 de Anchieta, Jardim S\u00e3o Geraldo, em cumprimento de Mandado de Busca e Apreens\u00e3o.<\/p>\n\n\n\n<p>Durante as buscas, o c\u00e3o farejador Draco indicou um m\u00f3vel localizado na resid\u00eancia do abordado, onde foram localizados e apreendidos 26 papelotes contendo coca\u00edna bem como uma pedra em seu estado bruto, da mesma droga, que totalizaram 0,049 kg.<\/p>\n\n\n\n<p>O indiciado foi conduzido \u00e0 DISE da cidade e Ourinhos, onde permaneceu \u00e0 disposi\u00e7\u00e3o da Justi\u00e7a.<\/p>\n\n\n\n<p><strong>C\u00e3es farejadores s\u00e3o importantes aliados no combate ao crime<\/strong><\/p>\n\n\n\n<p>Os c\u00e3es farejadores s\u00e3o importantes aliados no combate ao crime, pois s\u00e3o capazes de detectar subst\u00e2ncias il\u00edcitas com grande precis\u00e3o. Em casos como o ocorrido em Salto Grande, o emprego do c\u00e3o Draco foi fundamental para a localiza\u00e7\u00e3o e apreens\u00e3o da droga.<\/p>\n\n\n\n<p>O trabalho da Pol\u00edcia Militar \u00e9 essencial para garantir a seguran\u00e7a da popula\u00e7\u00e3o e o combate ao tr\u00e1fico de drogas.<\/p>\n\n\n<div class=\"wp-block-image\">\n<figure class=\"aligncenter size-large\"><img decoding=\"async\" width=\"798\" height=\"1024\" src=\"https:\/\/noticiasregionais.com.br\/wp-content\/uploads\/2023\/10\/WhatsApp-Image-2023-10-11-at-17.06.44-798x1024.jpeg\" alt=\"\" class=\"wp-image-769\" srcset=\"https:\/\/noticiasregionais.com.br\/wp-content\/uploads\/2023\/10\/WhatsApp-Image-2023-10-11-at-17.06.44-798x1024.jpeg 798w, https:\/\/noticiasregionais.com.br\/wp-content\/uploads\/2023\/10\/WhatsApp-Image-2023-10-11-at-17.06.44-234x300.jpeg 234w, https:\/\/noticiasregionais.com.br\/wp-content\/uploads\/2023\/10\/WhatsApp-Image-2023-10-11-at-17.06.44-768x985.jpeg 768w, https:\/\/noticiasregionais.com.br\/wp-content\/uploads\/2023\/10\/WhatsApp-Image-2023-10-11-at-17.06.44-1197x1536.jpeg 1197w, https:\/\/noticiasregionais.com.br\/wp-content\/uploads\/2023\/10\/WhatsApp-Image-2023-10-11-at-17.06.44.jpeg 1247w\" sizes=\"(max-width: 798px) 100vw, 798px\" \/><\/figure>\n<\/div>\n\n\n<p><sub><strong>fonte: Assessoria de Comunica\u00e7\u00e3o do K9 13\u00ba BAEP<\/strong><\/sub><\/p>\n<input type=\"hidden\" id=\"baseurl\" value=\"https:\/\/noticiasregionais.com.br\"><input type=\"hidden\" id=\"audio_nonce\" value=\"3cdc555a10\">","protected":false},"excerpt":{"rendered":"<p>A Pol\u00edcia Militar, por meio de Equipe K9 do 13\u00ba BAEP e Equipe de Policiamento de \u00c1rea de Salto Grande,&hellip;<\/p>\n","protected":false},"author":1,"featured_media":770,"comment_status":"closed","ping_status":"open","sticky":false,"template":"","format":"standard","meta":{"sfsi_plus_gutenberg_text_before_share":"","sfsi_plus_gutenberg_show_text_before_share":"","sfsi_plus_gutenberg_icon_type":"","sfsi_plus_gutenberg_icon_alignemt":"","sfsi_plus_gutenburg_max_per_row":"","footnotes":""},"categories":[6,10,1],"tags":[],"class_list":["post-768","post","type-post","status-publish","format-standard","has-post-thumbnail","hentry","category-sao_paulo","category-destaques","category-noticias"],"_links":{"self":[{"href":"https:\/\/noticiasregionais.com.br\/index.php?rest_route=\/wp\/v2\/posts\/768","targetHints":{"allow":["GET"]}}],"collection":[{"href":"https:\/\/noticiasregionais.com.br\/index.php?rest_route=\/wp\/v2\/posts"}],"about":[{"href":"https:\/\/noticiasregionais.com.br\/index.php?rest_route=\/wp\/v2\/types\/post"}],"author":[{"embeddable":true,"href":"https:\/\/noticiasregionais.com.br\/index.php?rest_route=\/wp\/v2\/users\/1"}],"replies":[{"embeddable":true,"href":"https:\/\/noticiasregionais.com.br\/index.php?rest_route=%2Fwp%2Fv2%2Fcomments&post=768"}],"version-history":[{"count":2,"href":"https:\/\/noticiasregionais.com.br\/index.php?rest_route=\/wp\/v2\/posts\/768\/revisions"}],"predecessor-version":[{"id":777,"href":"https:\/\/noticiasregionais.com.br\/index.php?rest_route=\/wp\/v2\/posts\/768\/revisions\/777"}],"wp:featuredmedia":[{"embeddable":true,"href":"https:\/\/noticiasregionais.com.br\/index.php?rest_route=\/wp\/v2\/media\/770"}],"wp:attachment":[{"href":"https:\/\/noticiasregionais.com.br\/index.php?rest_route=%2Fwp%2Fv2%2Fmedia&parent=768"}],"wp:term":[{"taxonomy":"category","embeddable":true,"href":"https:\/\/noticiasregionais.com.br\/index.php?rest_route=%2Fwp%2Fv2%2Fcategories&post=768"},{"taxonomy":"post_tag","embeddable":true,"href":"https:\/\/noticiasregionais.com.br\/index.php?rest_route=%2Fwp%2Fv2%2Ftags&post=768"}],"curies":[{"name":"wp","href":"https:\/\/api.w.org\/{rel}","templated":true}]}}