{"id":772,"date":"2023-10-11T20:10:11","date_gmt":"2023-10-11T23:10:11","guid":{"rendered":"https:\/\/noticiasregionais.com.br\/?p=772"},"modified":"2023-10-11T20:17:01","modified_gmt":"2023-10-11T23:17:01","slug":"homem-morre-em-confronto-com-a-pm-durante-cumprimento-de-mandado","status":"publish","type":"post","link":"https:\/\/noticiasregionais.com.br\/?p=772","title":{"rendered":"Homem morre em confronto com a PM durante cumprimento de mandado"},"content":{"rendered":"\n<p class=\"has-text-align-center\"><strong>Segundo nota da PM de Jacarezinho, as equipes foram recebidas a tiros pelo homem, que tinha um hist\u00f3rico de periculosidade. <\/strong><\/p>\n\n\n\n<p>Um homem morreu em confronto com a Pol\u00edcia Militar durante o cumprimento de um mandado de busca e apreens\u00e3o em Jacarezinho, na manh\u00e3 desta quarta-feira (11). O caso ocorreu na Rua Regente Feij\u00f3, no bairro Jardim Alves.<\/p>\n\n\n\n<p>De acordo com a Pol\u00edcia Militar, as equipes foram recebidas a tiros pelo homem, que tinha um hist\u00f3rico de periculosidade. Os policiais revidaram e o homem foi baleado e morreu no local.<\/p>\n\n\n\n<p>O corpo foi recolhido ao Instituto M\u00e9dico Legal de Jacarezinho. O caso est\u00e1 sendo investigado pela Pol\u00edcia Civil.<\/p>\n\n\n\n<p><strong>Relat\u00f3rio da PM<\/strong><\/p>\n\n\n\n<p>Em nota, a Pol\u00edcia Militar informou que as equipes se dividiram e fizeram uso de escudo bal\u00edstico para a aproxima\u00e7\u00e3o devido ao hist\u00f3rico de periculosidade do indiv\u00edduo alvo do mandado. Os policiais militares ent\u00e3o fizeram o adentramento t\u00e1tico, rompendo o cadeado do port\u00e3o e iniciando a verbaliza\u00e7\u00e3o com o indiv\u00edduo, identificando-se como policiais e que estariam dando cumprimento ao mandado judicial.<\/p>\n\n\n\n<p>O indiv\u00edduo n\u00e3o acatou as ordens emanadas pelos policiais, que notaram movimenta\u00e7\u00e3o dentro da resid\u00eancia, que optaram por arrombar a porta.<\/p>\n\n\n\n<p>No momento em que entraram, o indiv\u00edduo efetuou tr\u00eas disparos de arma de fogo em dire\u00e7\u00e3o aos policiais que, diante a injusta agress\u00e3o, realizaram disparos contra o indiv\u00edduo, em leg\u00edtima defesa, neutralizando a a\u00e7\u00e3o do agressor.<\/p>\n\n\n\n<p>De imediato, os policiais acionaram o SAMU para dar atendimento e, ao chegar no local, o m\u00e9dico respons\u00e1vel constatou o \u00f3bito do indiv\u00edduo.<\/p>\n\n\n\n<p>Peritos Criminais estiveram no local onde puderam constatar os tr\u00eas disparos realizados em dire\u00e7\u00e3o \u00e0 porta onde estavam os policiais, fazendo a apreens\u00e3o do referido armamento. O indiv\u00edduo em \u00f3bito foi encaminhado ao IML.<\/p>\n\n\n\n<p><sub><strong>fonte: Setor de Comunica\u00e7\u00e3o Social do 2\u00ba BPM PR<\/strong><\/sub><\/p>\n<input type=\"hidden\" id=\"baseurl\" value=\"https:\/\/noticiasregionais.com.br\"><input type=\"hidden\" id=\"audio_nonce\" value=\"533fbb67b1\">","protected":false},"excerpt":{"rendered":"<p>Segundo nota da PM de Jacarezinho, as equipes foram recebidas a tiros pelo homem, que tinha um hist\u00f3rico de periculosidade.&hellip;<\/p>\n","protected":false},"author":1,"featured_media":773,"comment_status":"closed","ping_status":"open","sticky":false,"template":"","format":"standard","meta":{"sfsi_plus_gutenberg_text_before_share":"","sfsi_plus_gutenberg_show_text_before_share":"","sfsi_plus_gutenberg_icon_type":"","sfsi_plus_gutenberg_icon_alignemt":"","sfsi_plus_gutenburg_max_per_row":"","footnotes":""},"categories":[7,12,1],"tags":[],"class_list":["post-772","post","type-post","status-publish","format-standard","has-post-thumbnail","hentry","category-parana","category-capa","category-noticias"],"_links":{"self":[{"href":"https:\/\/noticiasregionais.com.br\/index.php?rest_route=\/wp\/v2\/posts\/772","targetHints":{"allow":["GET"]}}],"collection":[{"href":"https:\/\/noticiasregionais.com.br\/index.php?rest_route=\/wp\/v2\/posts"}],"about":[{"href":"https:\/\/noticiasregionais.com.br\/index.php?rest_route=\/wp\/v2\/types\/post"}],"author":[{"embeddable":true,"href":"https:\/\/noticiasregionais.com.br\/index.php?rest_route=\/wp\/v2\/users\/1"}],"replies":[{"embeddable":true,"href":"https:\/\/noticiasregionais.com.br\/index.php?rest_route=%2Fwp%2Fv2%2Fcomments&post=772"}],"version-history":[{"count":2,"href":"https:\/\/noticiasregionais.com.br\/index.php?rest_route=\/wp\/v2\/posts\/772\/revisions"}],"predecessor-version":[{"id":776,"href":"https:\/\/noticiasregionais.com.br\/index.php?rest_route=\/wp\/v2\/posts\/772\/revisions\/776"}],"wp:featuredmedia":[{"embeddable":true,"href":"https:\/\/noticiasregionais.com.br\/index.php?rest_route=\/wp\/v2\/media\/773"}],"wp:attachment":[{"href":"https:\/\/noticiasregionais.com.br\/index.php?rest_route=%2Fwp%2Fv2%2Fmedia&parent=772"}],"wp:term":[{"taxonomy":"category","embeddable":true,"href":"https:\/\/noticiasregionais.com.br\/index.php?rest_route=%2Fwp%2Fv2%2Fcategories&post=772"},{"taxonomy":"post_tag","embeddable":true,"href":"https:\/\/noticiasregionais.com.br\/index.php?rest_route=%2Fwp%2Fv2%2Ftags&post=772"}],"curies":[{"name":"wp","href":"https:\/\/api.w.org\/{rel}","templated":true}]}}