{"id":782,"date":"2023-10-11T23:07:12","date_gmt":"2023-10-12T02:07:12","guid":{"rendered":"https:\/\/noticiasregionais.com.br\/?p=782"},"modified":"2023-10-11T23:07:23","modified_gmt":"2023-10-12T02:07:23","slug":"na-vila-sao-luiz-forca-tatica-prende-mais-um-procurado-pela-justica","status":"publish","type":"post","link":"https:\/\/noticiasregionais.com.br\/?p=782","title":{"rendered":"Na Vila S\u00e3o Luiz, For\u00e7a T\u00e1tica prende mais um procurado pela justi\u00e7a"},"content":{"rendered":"\n<p>Uma equipe de For\u00e7a T\u00e1tica do 31\u00ba Batalh\u00e3o de Pol\u00edcia Militar do Interior prendeu um indiv\u00edduo procurado da justi\u00e7a na tarde desta quarta-feira (11), na Vila S\u00e3o Luiz, em Ourinhos.<\/p>\n\n\n\n<p>De acordo com a pol\u00edcia, a equipe realizava patrulhamento t\u00e1tico pelo bairro quando abordou um homem em atitude suspeita. Ao consultar os dados do indiv\u00edduo, os policiais constataram que ele possu\u00eda um mandado de pris\u00e3o em aberto.<\/p>\n\n\n\n<p>O homem, que n\u00e3o teve a identidade divulgada, foi preso e apresentado na Central de Pol\u00edcia Judici\u00e1ria de Ourinhos, onde permaneceu preso.<\/p>\n\n\n\n<p><strong>A\u00e7\u00e3o da Pol\u00edcia Militar contribui para a seguran\u00e7a da popula\u00e7\u00e3o<\/strong><\/p>\n\n\n\n<p>A pris\u00e3o do indiv\u00edduo procurado da justi\u00e7a \u00e9 mais uma a\u00e7\u00e3o da Pol\u00edcia Militar que contribui para a seguran\u00e7a da popula\u00e7\u00e3o. A For\u00e7a T\u00e1tica do 31\u00ba BPM\/I atua de forma ininterrupta para prevenir e combater a criminalidade em Ourinhos e regi\u00e3o.<\/p>\n\n\n\n<p>A Pol\u00edcia Militar solicita a colabora\u00e7\u00e3o da popula\u00e7\u00e3o para denunciar qualquer tipo de crime ou suspeita de atividade criminosa. O telefone para den\u00fancia \u00e9 o 190.<\/p>\n<input type=\"hidden\" id=\"baseurl\" value=\"https:\/\/noticiasregionais.com.br\"><input type=\"hidden\" id=\"audio_nonce\" value=\"533fbb67b1\">","protected":false},"excerpt":{"rendered":"<p>Uma equipe de For\u00e7a T\u00e1tica do 31\u00ba Batalh\u00e3o de Pol\u00edcia Militar do Interior prendeu um indiv\u00edduo procurado da justi\u00e7a na&hellip;<\/p>\n","protected":false},"author":1,"featured_media":446,"comment_status":"closed","ping_status":"open","sticky":false,"template":"","format":"standard","meta":{"sfsi_plus_gutenberg_text_before_share":"","sfsi_plus_gutenberg_show_text_before_share":"","sfsi_plus_gutenberg_icon_type":"","sfsi_plus_gutenberg_icon_alignemt":"","sfsi_plus_gutenburg_max_per_row":"","footnotes":""},"categories":[5,10,1],"tags":[],"class_list":["post-782","post","type-post","status-publish","format-standard","has-post-thumbnail","hentry","category-ourinhos","category-destaques","category-noticias"],"_links":{"self":[{"href":"https:\/\/noticiasregionais.com.br\/index.php?rest_route=\/wp\/v2\/posts\/782","targetHints":{"allow":["GET"]}}],"collection":[{"href":"https:\/\/noticiasregionais.com.br\/index.php?rest_route=\/wp\/v2\/posts"}],"about":[{"href":"https:\/\/noticiasregionais.com.br\/index.php?rest_route=\/wp\/v2\/types\/post"}],"author":[{"embeddable":true,"href":"https:\/\/noticiasregionais.com.br\/index.php?rest_route=\/wp\/v2\/users\/1"}],"replies":[{"embeddable":true,"href":"https:\/\/noticiasregionais.com.br\/index.php?rest_route=%2Fwp%2Fv2%2Fcomments&post=782"}],"version-history":[{"count":1,"href":"https:\/\/noticiasregionais.com.br\/index.php?rest_route=\/wp\/v2\/posts\/782\/revisions"}],"predecessor-version":[{"id":783,"href":"https:\/\/noticiasregionais.com.br\/index.php?rest_route=\/wp\/v2\/posts\/782\/revisions\/783"}],"wp:featuredmedia":[{"embeddable":true,"href":"https:\/\/noticiasregionais.com.br\/index.php?rest_route=\/wp\/v2\/media\/446"}],"wp:attachment":[{"href":"https:\/\/noticiasregionais.com.br\/index.php?rest_route=%2Fwp%2Fv2%2Fmedia&parent=782"}],"wp:term":[{"taxonomy":"category","embeddable":true,"href":"https:\/\/noticiasregionais.com.br\/index.php?rest_route=%2Fwp%2Fv2%2Fcategories&post=782"},{"taxonomy":"post_tag","embeddable":true,"href":"https:\/\/noticiasregionais.com.br\/index.php?rest_route=%2Fwp%2Fv2%2Ftags&post=782"}],"curies":[{"name":"wp","href":"https:\/\/api.w.org\/{rel}","templated":true}]}}