{"id":795,"date":"2023-10-14T18:51:28","date_gmt":"2023-10-14T21:51:28","guid":{"rendered":"https:\/\/noticiasregionais.com.br\/?p=795"},"modified":"2023-10-14T18:51:40","modified_gmt":"2023-10-14T21:51:40","slug":"temporais-no-parana-quase-57-mil-pessoas-foram-afetadas","status":"publish","type":"post","link":"https:\/\/noticiasregionais.com.br\/?p=795","title":{"rendered":"Temporais no Paran\u00e1: quase 57 mil pessoas foram afetadas"},"content":{"rendered":"\n<p class=\"has-text-align-center\"><strong>Mais de oito mil est\u00e3o desalojadas ou desabrigadas no estado<\/strong><\/p>\n\n\n\n<p>Os temporais que atingem o Paran\u00e1 desde o in\u00edcio do m\u00eas j\u00e1 impactaram 57 mil pessoas em 74 munic\u00edpios do estado. Os dados est\u00e3o no balan\u00e7o divulgado neste s\u00e1bado&nbsp;(14) pela Defesa Civil. Pelo menos duas mortes foram registradas e 10 pessoas ficaram feridas em decorr\u00eancia das chuvas e dos alagamentos.&nbsp;<img decoding=\"async\" src=\"https:\/\/agenciabrasil.ebc.com.br\/ebc.png?id=1560779&amp;o=node\"><img decoding=\"async\" src=\"https:\/\/agenciabrasil.ebc.com.br\/ebc.gif?id=1560779&amp;o=node\"><\/p>\n\n\n\n<p>A Defesa Civil tamb\u00e9m informou que 810 pessoas est\u00e3o desabrigadas e, portanto, necessitam das estruturas de acolhimento p\u00fablico. S\u00e3o&nbsp;7.255 os desalojadas, pessoas que deixaram as casas, mas conseguiram ref\u00fagio com amigos ou familiares.&nbsp;<\/p>\n\n\n\n<p>Segundo o governo do estado, vai ser destinado R$1 milh\u00e3o para acolher os desabrigados, o que inclui contrata\u00e7\u00e3o imediata de hot\u00e9is e pousadas. Os grupos priorit\u00e1rios ser\u00e3o gestantes, crian\u00e7as, idosos, acamados, deficientes f\u00edsicos e os demais em situa\u00e7\u00e3o de vulnerabilidade. Ser\u00e1 oferecida hospedagem com pens\u00e3o completa durante 15 dias, prorrog\u00e1vel por mais 15.<\/p>\n\n\n\n<p>O governo informou que as cidades mais atingidas pelas chuvas foram Uni\u00e3o da Vit\u00f3ria, no Sul do Estado, e Rio Negro, na regi\u00e3o metropolitana de Curitiba. Mas que a contrata\u00e7\u00e3o emergencial de hot\u00e9is e pousadas vale para todos os munic\u00edpios paranaenses onde houver desabrigados.<\/p>\n\n\n\n<p>Por conta das chuvas mais fortes nas bacias do&nbsp;Alto e M\u00e9dio Igua\u00e7u, a previs\u00e3o \u00e9 de aumento do volume de \u00e1gua que chega \u00e0s Cataratas de Foz do Igua\u00e7u. Na \u00faltima medi\u00e7\u00e3o, na quinta-feira (12), a vaz\u00e3o estava perto de&nbsp;6 milh\u00f5es de litros por segundo. Nesse fim de semana, esse n\u00famero pode chegar a 11 milh\u00f5es de litros. A m\u00e9dia hist\u00f3rica \u00e9 de 1,5 milh\u00e3o de litros por segundo.<\/p>\n\n\n\n<h2 class=\"wp-block-heading\">Previs\u00e3o do tempo<\/h2>\n\n\n\n<p>A previs\u00e3o do Sistema Meteorol\u00f3gico do Paran\u00e1 (Simepar) \u00e9 que a instabilidade diminua nesse fim de semana. A regi\u00e3o leste e os Campos Gerais ter\u00e3o\u00a0presen\u00e7a de nuvens e chuvas finas isoladas, por conta da circula\u00e7\u00e3o dos ventos que v\u00eam do oceano. No interior, a expectativa \u00e9 de sol. O Centro Nacional de Monitoramento e Alertas de Desastres Naturais (Cemaden) refor\u00e7a que h\u00e1 risco baixo de eventos geo-hidrol\u00f3gicos para o estado.<\/p>\n\n\n\n<p><sub><strong>fonte: Ag\u00eancia Brasil &#8211; EBC<\/strong><\/sub><\/p>\n<input type=\"hidden\" id=\"baseurl\" value=\"https:\/\/noticiasregionais.com.br\"><input type=\"hidden\" id=\"audio_nonce\" value=\"533fbb67b1\">","protected":false},"excerpt":{"rendered":"<p>Mais de oito mil est\u00e3o desalojadas ou desabrigadas no estado Os temporais que atingem o Paran\u00e1 desde o in\u00edcio do&hellip;<\/p>\n","protected":false},"author":1,"featured_media":796,"comment_status":"closed","ping_status":"open","sticky":false,"template":"","format":"standard","meta":{"sfsi_plus_gutenberg_text_before_share":"","sfsi_plus_gutenberg_show_text_before_share":"","sfsi_plus_gutenberg_icon_type":"","sfsi_plus_gutenberg_icon_alignemt":"","sfsi_plus_gutenburg_max_per_row":"","footnotes":""},"categories":[7,10,1],"tags":[],"class_list":["post-795","post","type-post","status-publish","format-standard","has-post-thumbnail","hentry","category-parana","category-destaques","category-noticias"],"_links":{"self":[{"href":"https:\/\/noticiasregionais.com.br\/index.php?rest_route=\/wp\/v2\/posts\/795","targetHints":{"allow":["GET"]}}],"collection":[{"href":"https:\/\/noticiasregionais.com.br\/index.php?rest_route=\/wp\/v2\/posts"}],"about":[{"href":"https:\/\/noticiasregionais.com.br\/index.php?rest_route=\/wp\/v2\/types\/post"}],"author":[{"embeddable":true,"href":"https:\/\/noticiasregionais.com.br\/index.php?rest_route=\/wp\/v2\/users\/1"}],"replies":[{"embeddable":true,"href":"https:\/\/noticiasregionais.com.br\/index.php?rest_route=%2Fwp%2Fv2%2Fcomments&post=795"}],"version-history":[{"count":1,"href":"https:\/\/noticiasregionais.com.br\/index.php?rest_route=\/wp\/v2\/posts\/795\/revisions"}],"predecessor-version":[{"id":797,"href":"https:\/\/noticiasregionais.com.br\/index.php?rest_route=\/wp\/v2\/posts\/795\/revisions\/797"}],"wp:featuredmedia":[{"embeddable":true,"href":"https:\/\/noticiasregionais.com.br\/index.php?rest_route=\/wp\/v2\/media\/796"}],"wp:attachment":[{"href":"https:\/\/noticiasregionais.com.br\/index.php?rest_route=%2Fwp%2Fv2%2Fmedia&parent=795"}],"wp:term":[{"taxonomy":"category","embeddable":true,"href":"https:\/\/noticiasregionais.com.br\/index.php?rest_route=%2Fwp%2Fv2%2Fcategories&post=795"},{"taxonomy":"post_tag","embeddable":true,"href":"https:\/\/noticiasregionais.com.br\/index.php?rest_route=%2Fwp%2Fv2%2Ftags&post=795"}],"curies":[{"name":"wp","href":"https:\/\/api.w.org\/{rel}","templated":true}]}}