{"id":798,"date":"2023-10-14T19:06:07","date_gmt":"2023-10-14T22:06:07","guid":{"rendered":"https:\/\/noticiasregionais.com.br\/?p=798"},"modified":"2023-10-14T19:35:05","modified_gmt":"2023-10-14T22:35:05","slug":"dois-maiores-e-um-menor-sao-presos-por-trafico-de-drogas-associacao-e-corrupcao-de-menor","status":"publish","type":"post","link":"https:\/\/noticiasregionais.com.br\/?p=798","title":{"rendered":"Dois maiores e um menor s\u00e3o presos por tr\u00e1fico de drogas, associa\u00e7\u00e3o e corrup\u00e7\u00e3o de menor"},"content":{"rendered":"\n<p class=\"has-text-align-center\"><strong>A\u00e7\u00e3o foi realizada pela Equipe de For\u00e7a T\u00e1tica do 31\u00ba BPM-I de Ourinhos<\/strong><\/p>\n\n\n\n<p>Uma equipe de For\u00e7a T\u00e1tica do 31\u00ba Batalh\u00e3o de Pol\u00edcia Militar do Interior prendeu, na noite desta quinta-feira (13), dois indiv\u00edduos e um menor de idade por tr\u00e1fico de drogas, associa\u00e7\u00e3o e corrup\u00e7\u00e3o de menor, na cidade de Ourinhos.<\/p>\n\n\n\n<p>A a\u00e7\u00e3o ocorreu no Bairro Jardim Calif\u00f3rnia, quando a equipe realizava patrulhamento t\u00e1tico pela regi\u00e3o. Os policiais visualizaram um ve\u00edculo Palio, que ao perceber a viatura dispensou drogas.<\/p>\n\n\n\n<p>Os tr\u00eas ocupantes do ve\u00edculo foram abordados e, durante a busca pessoal, os policiais encontraram 18 por\u00e7\u00f5es de coca\u00edna, pesando 15 gramas, 15 gramas de maconha, R$ 189,00 em dinheiro e dois celulares.<\/p>\n\n\n\n<p>Os dois maiores, de 42 e 23 anos, foram presos em flagrante por tr\u00e1fico de drogas, associa\u00e7\u00e3o para o tr\u00e1fico e corrup\u00e7\u00e3o de menor. O menor, de 17 anos, foi apreendido por ato infracional an\u00e1logo ao tr\u00e1fico de drogas.<\/p>\n\n\n\n<p>A ocorr\u00eancia foi apresentada na Central de Pol\u00edcia Judici\u00e1ria de Ourinhos, onde os dois maiores permaneceram presos e o menor recolhido.<\/p>\n\n\n\n<p><strong>Den\u00fancias<\/strong><\/p>\n\n\n\n<p>A Pol\u00edcia Militar pede que a popula\u00e7\u00e3o continue colaborando com as a\u00e7\u00f5es de combate ao tr\u00e1fico de drogas. As den\u00fancias podem ser feitas pelo telefone 190 ou pelo Disque Den\u00fancia, no 181. A liga\u00e7\u00e3o \u00e9 gratuita e an\u00f4nima.<\/p>\n<input type=\"hidden\" id=\"baseurl\" value=\"https:\/\/noticiasregionais.com.br\"><input type=\"hidden\" id=\"audio_nonce\" value=\"679821641e\">","protected":false},"excerpt":{"rendered":"<p>A\u00e7\u00e3o foi realizada pela Equipe de For\u00e7a T\u00e1tica do 31\u00ba BPM-I de Ourinhos Uma equipe de For\u00e7a T\u00e1tica do 31\u00ba&hellip;<\/p>\n","protected":false},"author":1,"featured_media":799,"comment_status":"closed","ping_status":"open","sticky":false,"template":"","format":"standard","meta":{"sfsi_plus_gutenberg_text_before_share":"","sfsi_plus_gutenberg_show_text_before_share":"","sfsi_plus_gutenberg_icon_type":"","sfsi_plus_gutenberg_icon_alignemt":"","sfsi_plus_gutenburg_max_per_row":"","footnotes":""},"categories":[5,10,1],"tags":[],"class_list":["post-798","post","type-post","status-publish","format-standard","has-post-thumbnail","hentry","category-ourinhos","category-destaques","category-noticias"],"_links":{"self":[{"href":"https:\/\/noticiasregionais.com.br\/index.php?rest_route=\/wp\/v2\/posts\/798","targetHints":{"allow":["GET"]}}],"collection":[{"href":"https:\/\/noticiasregionais.com.br\/index.php?rest_route=\/wp\/v2\/posts"}],"about":[{"href":"https:\/\/noticiasregionais.com.br\/index.php?rest_route=\/wp\/v2\/types\/post"}],"author":[{"embeddable":true,"href":"https:\/\/noticiasregionais.com.br\/index.php?rest_route=\/wp\/v2\/users\/1"}],"replies":[{"embeddable":true,"href":"https:\/\/noticiasregionais.com.br\/index.php?rest_route=%2Fwp%2Fv2%2Fcomments&post=798"}],"version-history":[{"count":1,"href":"https:\/\/noticiasregionais.com.br\/index.php?rest_route=\/wp\/v2\/posts\/798\/revisions"}],"predecessor-version":[{"id":800,"href":"https:\/\/noticiasregionais.com.br\/index.php?rest_route=\/wp\/v2\/posts\/798\/revisions\/800"}],"wp:featuredmedia":[{"embeddable":true,"href":"https:\/\/noticiasregionais.com.br\/index.php?rest_route=\/wp\/v2\/media\/799"}],"wp:attachment":[{"href":"https:\/\/noticiasregionais.com.br\/index.php?rest_route=%2Fwp%2Fv2%2Fmedia&parent=798"}],"wp:term":[{"taxonomy":"category","embeddable":true,"href":"https:\/\/noticiasregionais.com.br\/index.php?rest_route=%2Fwp%2Fv2%2Fcategories&post=798"},{"taxonomy":"post_tag","embeddable":true,"href":"https:\/\/noticiasregionais.com.br\/index.php?rest_route=%2Fwp%2Fv2%2Ftags&post=798"}],"curies":[{"name":"wp","href":"https:\/\/api.w.org\/{rel}","templated":true}]}}