{"id":801,"date":"2023-10-14T19:11:47","date_gmt":"2023-10-14T22:11:47","guid":{"rendered":"https:\/\/noticiasregionais.com.br\/?p=801"},"modified":"2023-10-14T19:11:58","modified_gmt":"2023-10-14T22:11:58","slug":"policia-militar-recupera-caminhao-roubado-em-guarulhos-e-prende-autor-em-ourinhos","status":"publish","type":"post","link":"https:\/\/noticiasregionais.com.br\/?p=801","title":{"rendered":"Pol\u00edcia Militar recupera caminh\u00e3o roubado em Guarulhos e prende autor em Ourinhos"},"content":{"rendered":"\n<p>Policiais do 31\u00ba Batalh\u00e3o de Pol\u00edcia Militar do Interior (BPM\/I) recuperaram, na noite de ontem (13), um caminh\u00e3o que havia sido roubado durante a tarde em Guarulhos. O ve\u00edculo foi encontrado em Ourinhos e um indiv\u00edduo foi preso.<\/p>\n\n\n\n<p>A a\u00e7\u00e3o ocorreu ap\u00f3s a Pol\u00edcia Militar receber informa\u00e7\u00f5es sobre o paradeiro do caminh\u00e3o. Um cerco foi montado e o ve\u00edculo foi localizado em uma estrada rural na zona rural de Ourinhos.<\/p>\n\n\n\n<p>O motorista do caminh\u00e3o foi abordado e, durante a abordagem, os policiais constataram que ele havia sido roubado em Guarulhos. O indiv\u00edduo foi preso em flagrante e conduzido \u00e0 Central de Pol\u00edcia Judici\u00e1ria de Ourinhos.<\/p>\n\n\n\n<p>O caminh\u00e3o foi restitu\u00eddo ao leg\u00edtimo propriet\u00e1rio, que agradeceu o empenho da Pol\u00edcia Militar.<\/p>\n\n\n\n<p><strong>Den\u00fancias<\/strong><\/p>\n\n\n\n<p>A Pol\u00edcia Militar pede que a popula\u00e7\u00e3o continue colaborando com as a\u00e7\u00f5es de combate ao crime. As den\u00fancias podem ser feitas pelo telefone 190 ou pelo Disque Den\u00fancia, no 181. A liga\u00e7\u00e3o \u00e9 gratuita e an\u00f4nima.<\/p>\n<input type=\"hidden\" id=\"baseurl\" value=\"https:\/\/noticiasregionais.com.br\"><input type=\"hidden\" id=\"audio_nonce\" value=\"533fbb67b1\">","protected":false},"excerpt":{"rendered":"<p>Policiais do 31\u00ba Batalh\u00e3o de Pol\u00edcia Militar do Interior (BPM\/I) recuperaram, na noite de ontem (13), um caminh\u00e3o que havia&hellip;<\/p>\n","protected":false},"author":1,"featured_media":802,"comment_status":"closed","ping_status":"open","sticky":false,"template":"","format":"standard","meta":{"sfsi_plus_gutenberg_text_before_share":"","sfsi_plus_gutenberg_show_text_before_share":"","sfsi_plus_gutenberg_icon_type":"","sfsi_plus_gutenberg_icon_alignemt":"","sfsi_plus_gutenburg_max_per_row":"","footnotes":""},"categories":[5,10,1],"tags":[],"class_list":["post-801","post","type-post","status-publish","format-standard","has-post-thumbnail","hentry","category-ourinhos","category-destaques","category-noticias"],"_links":{"self":[{"href":"https:\/\/noticiasregionais.com.br\/index.php?rest_route=\/wp\/v2\/posts\/801","targetHints":{"allow":["GET"]}}],"collection":[{"href":"https:\/\/noticiasregionais.com.br\/index.php?rest_route=\/wp\/v2\/posts"}],"about":[{"href":"https:\/\/noticiasregionais.com.br\/index.php?rest_route=\/wp\/v2\/types\/post"}],"author":[{"embeddable":true,"href":"https:\/\/noticiasregionais.com.br\/index.php?rest_route=\/wp\/v2\/users\/1"}],"replies":[{"embeddable":true,"href":"https:\/\/noticiasregionais.com.br\/index.php?rest_route=%2Fwp%2Fv2%2Fcomments&post=801"}],"version-history":[{"count":1,"href":"https:\/\/noticiasregionais.com.br\/index.php?rest_route=\/wp\/v2\/posts\/801\/revisions"}],"predecessor-version":[{"id":803,"href":"https:\/\/noticiasregionais.com.br\/index.php?rest_route=\/wp\/v2\/posts\/801\/revisions\/803"}],"wp:featuredmedia":[{"embeddable":true,"href":"https:\/\/noticiasregionais.com.br\/index.php?rest_route=\/wp\/v2\/media\/802"}],"wp:attachment":[{"href":"https:\/\/noticiasregionais.com.br\/index.php?rest_route=%2Fwp%2Fv2%2Fmedia&parent=801"}],"wp:term":[{"taxonomy":"category","embeddable":true,"href":"https:\/\/noticiasregionais.com.br\/index.php?rest_route=%2Fwp%2Fv2%2Fcategories&post=801"},{"taxonomy":"post_tag","embeddable":true,"href":"https:\/\/noticiasregionais.com.br\/index.php?rest_route=%2Fwp%2Fv2%2Ftags&post=801"}],"curies":[{"name":"wp","href":"https:\/\/api.w.org\/{rel}","templated":true}]}}