{"id":804,"date":"2023-10-14T19:23:49","date_gmt":"2023-10-14T22:23:49","guid":{"rendered":"https:\/\/noticiasregionais.com.br\/?p=804"},"modified":"2023-10-14T19:24:00","modified_gmt":"2023-10-14T22:24:00","slug":"pre-prende-individuos-com-15-tabletes-de-crack-em-santa-cruz-do-rio-pardo","status":"publish","type":"post","link":"https:\/\/noticiasregionais.com.br\/?p=804","title":{"rendered":"PRE prende indiv\u00edduos com 15 tabletes de crack em Santa Cruz do Rio Pardo"},"content":{"rendered":"\n<p>Policiais militares do 2\u00b0 Batalh\u00e3o de Pol\u00edcia Rodovi\u00e1ria prenderam dois indiv\u00edduos em flagrante por tr\u00e1fico de crack na tarde desta sexta-feira (14), no km 15 da Rodovia Orlando Quagliato (SP-327), regi\u00e3o de Santa Cruz do Rio Pardo.<\/p>\n\n\n\n<p>Os policiais realizavam Opera\u00e7\u00e3o Impacto\/Padroeira quando suspeitaram de um Ford\/Focus e o abordaram.<\/p>\n\n\n\n<p>Durante a vistoria, condutor e passageiro demonstraram nervosismo com a abordagem, o que levou a uma averigua\u00e7\u00e3o minuciosa no ve\u00edculo, sendo ent\u00e3o localizados 15 tabletes de crack no interior do tanque de combust\u00edvel.<\/p>\n\n\n\n<p>A droga pesou aproximadamente 15 quilos e tinha como destino a cidade de S\u00e3o Paulo.<\/p>\n\n\n\n<p>Os dois indiv\u00edduos, um maior masculino de 39 anos e outra maior feminina de 25 anos foram presos em flagrante e conduzidos \u00e0 Delegacia de Ourinhos, onde permanecer\u00e3o \u00e0 disposi\u00e7\u00e3o da Justi\u00e7a.<\/p>\n\n\n\n<p><strong>Den\u00fancias<\/strong><\/p>\n\n\n\n<p>A Pol\u00edcia Militar pede que a popula\u00e7\u00e3o continue colaborando com as a\u00e7\u00f5es de combate ao tr\u00e1fico de drogas. As den\u00fancias podem ser feitas pelo telefone 190 ou pelo Disque Den\u00fancia, no 181. A liga\u00e7\u00e3o \u00e9 gratuita e an\u00f4nima.<\/p>\n<input type=\"hidden\" id=\"baseurl\" value=\"https:\/\/noticiasregionais.com.br\"><input type=\"hidden\" id=\"audio_nonce\" value=\"533fbb67b1\">","protected":false},"excerpt":{"rendered":"<p>Policiais militares do 2\u00b0 Batalh\u00e3o de Pol\u00edcia Rodovi\u00e1ria prenderam dois indiv\u00edduos em flagrante por tr\u00e1fico de crack na tarde desta&hellip;<\/p>\n","protected":false},"author":1,"featured_media":805,"comment_status":"closed","ping_status":"open","sticky":false,"template":"","format":"standard","meta":{"sfsi_plus_gutenberg_text_before_share":"","sfsi_plus_gutenberg_show_text_before_share":"","sfsi_plus_gutenberg_icon_type":"","sfsi_plus_gutenberg_icon_alignemt":"","sfsi_plus_gutenburg_max_per_row":"","footnotes":""},"categories":[6,12,1],"tags":[],"class_list":["post-804","post","type-post","status-publish","format-standard","has-post-thumbnail","hentry","category-sao_paulo","category-capa","category-noticias"],"_links":{"self":[{"href":"https:\/\/noticiasregionais.com.br\/index.php?rest_route=\/wp\/v2\/posts\/804","targetHints":{"allow":["GET"]}}],"collection":[{"href":"https:\/\/noticiasregionais.com.br\/index.php?rest_route=\/wp\/v2\/posts"}],"about":[{"href":"https:\/\/noticiasregionais.com.br\/index.php?rest_route=\/wp\/v2\/types\/post"}],"author":[{"embeddable":true,"href":"https:\/\/noticiasregionais.com.br\/index.php?rest_route=\/wp\/v2\/users\/1"}],"replies":[{"embeddable":true,"href":"https:\/\/noticiasregionais.com.br\/index.php?rest_route=%2Fwp%2Fv2%2Fcomments&post=804"}],"version-history":[{"count":1,"href":"https:\/\/noticiasregionais.com.br\/index.php?rest_route=\/wp\/v2\/posts\/804\/revisions"}],"predecessor-version":[{"id":806,"href":"https:\/\/noticiasregionais.com.br\/index.php?rest_route=\/wp\/v2\/posts\/804\/revisions\/806"}],"wp:featuredmedia":[{"embeddable":true,"href":"https:\/\/noticiasregionais.com.br\/index.php?rest_route=\/wp\/v2\/media\/805"}],"wp:attachment":[{"href":"https:\/\/noticiasregionais.com.br\/index.php?rest_route=%2Fwp%2Fv2%2Fmedia&parent=804"}],"wp:term":[{"taxonomy":"category","embeddable":true,"href":"https:\/\/noticiasregionais.com.br\/index.php?rest_route=%2Fwp%2Fv2%2Fcategories&post=804"},{"taxonomy":"post_tag","embeddable":true,"href":"https:\/\/noticiasregionais.com.br\/index.php?rest_route=%2Fwp%2Fv2%2Ftags&post=804"}],"curies":[{"name":"wp","href":"https:\/\/api.w.org\/{rel}","templated":true}]}}