{"id":807,"date":"2023-10-14T19:41:40","date_gmt":"2023-10-14T22:41:40","guid":{"rendered":"https:\/\/noticiasregionais.com.br\/?p=807"},"modified":"2023-10-14T19:41:43","modified_gmt":"2023-10-14T22:41:43","slug":"policia-cumpre-36-mandados-em-operacao-que-combate-exploracao-sexual-infanto-juvenil","status":"publish","type":"post","link":"https:\/\/noticiasregionais.com.br\/?p=807","title":{"rendered":"Pol\u00edcia cumpre 36 mandados em opera\u00e7\u00e3o que combate explora\u00e7\u00e3o sexual infanto-juvenil"},"content":{"rendered":"\n<p class=\"has-text-align-center\"><strong>Um dos investigados foi preso; a a\u00e7\u00e3o foi realizada em conjunto com policiais de outros 12 estado<\/strong><\/p>\n\n\n\n<p>Policiais da 4\u00aa Delegacia de Repress\u00e3o \u00e0 Pedofilia do Departamento Estadual de Homic\u00eddios e Prote\u00e7\u00e3o \u00e0 Pessoa (DHPP), deflagraram nesta ter\u00e7a-feira (10) a opera\u00e7\u00e3o \u201cBad Vibes\u201d, em conjunto com a Pol\u00edcia Civil de outros 12 estados, sendo Esp\u00edrito Santo, Goi\u00e1s, Santa Catarina, S\u00e3o Paulo, Cear\u00e1, Bahia, Par\u00e1, Paran\u00e1, Rond\u00f4nia, Piau\u00ed, Rio Grande do Sul e Sergipe. Um dos alvos da investiga\u00e7\u00e3o foi detido.<\/p>\n\n\n\n<p>As investiga\u00e7\u00f5es foram conduzidas pelas institui\u00e7\u00f5es estaduais e resultaram no cumprimento de 36 mandados de busca e apreens\u00e3o e 5 mandados de pris\u00e3o tempor\u00e1ria contra os envolvidos em crimes praticados por meio de grupos. Os suspeitos vendiam e consumiam v\u00eddeos e fotografias com conte\u00fado de abuso sexual infantojuvenil, bem como em outras plataformas e dispositivos. Durante as buscas, a equipe localizou um dos suspeitos.<\/p>\n\n\n\n<p>Posteriormente, o suspeito detido foi encaminhado para a 4\u00aa Delegacia de Pol\u00edcia de Repress\u00e3o \u00e0 Pedofilia, que apura e reprime os crimes contra a dignidade sexual de vulner\u00e1veis.<\/p>\n\n\n\n<p>A opera\u00e7\u00e3o tem como objetivo combater a explora\u00e7\u00e3o sexual de crian\u00e7as e adolescentes. A iniciativa foi coordenada pelo Laborat\u00f3rio de Opera\u00e7\u00f5es Cibern\u00e9ticas da Diretoria de Opera\u00e7\u00f5es Integradas e Intelig\u00eancia (Ciberlab\/Diopo), da Secretaria Nacional de Seguran\u00e7a P\u00fablica (Senasp).<\/p>\n\n\n\n<p>A a\u00e7\u00e3o integrada teve como ponto de partida informa\u00e7\u00f5es fornecidas pela ag\u00eancia Homeland Security Investigations (HSI), da Embaixada dos Estados Unidos em Bras\u00edlia, com base em investiga\u00e7\u00f5es anteriores realizadas pelo \u00f3rg\u00e3o em Pret\u00f3ria, na \u00c1frica do Sul, que identificou a participa\u00e7\u00e3o ativa de brasileiros nesses grupos.<\/p>\n\n\n\n<p><strong>Do Portal do Governo<\/strong> <strong>SP<\/strong><\/p>\n<input type=\"hidden\" id=\"baseurl\" value=\"https:\/\/noticiasregionais.com.br\"><input type=\"hidden\" id=\"audio_nonce\" value=\"533fbb67b1\">","protected":false},"excerpt":{"rendered":"<p>Um dos investigados foi preso; a a\u00e7\u00e3o foi realizada em conjunto com policiais de outros 12 estado Policiais da 4\u00aa&hellip;<\/p>\n","protected":false},"author":1,"featured_media":808,"comment_status":"closed","ping_status":"open","sticky":false,"template":"","format":"standard","meta":{"sfsi_plus_gutenberg_text_before_share":"","sfsi_plus_gutenberg_show_text_before_share":"","sfsi_plus_gutenberg_icon_type":"","sfsi_plus_gutenberg_icon_alignemt":"","sfsi_plus_gutenburg_max_per_row":"","footnotes":""},"categories":[10,1,6],"tags":[],"class_list":["post-807","post","type-post","status-publish","format-standard","has-post-thumbnail","hentry","category-destaques","category-noticias","category-sao_paulo"],"_links":{"self":[{"href":"https:\/\/noticiasregionais.com.br\/index.php?rest_route=\/wp\/v2\/posts\/807","targetHints":{"allow":["GET"]}}],"collection":[{"href":"https:\/\/noticiasregionais.com.br\/index.php?rest_route=\/wp\/v2\/posts"}],"about":[{"href":"https:\/\/noticiasregionais.com.br\/index.php?rest_route=\/wp\/v2\/types\/post"}],"author":[{"embeddable":true,"href":"https:\/\/noticiasregionais.com.br\/index.php?rest_route=\/wp\/v2\/users\/1"}],"replies":[{"embeddable":true,"href":"https:\/\/noticiasregionais.com.br\/index.php?rest_route=%2Fwp%2Fv2%2Fcomments&post=807"}],"version-history":[{"count":1,"href":"https:\/\/noticiasregionais.com.br\/index.php?rest_route=\/wp\/v2\/posts\/807\/revisions"}],"predecessor-version":[{"id":809,"href":"https:\/\/noticiasregionais.com.br\/index.php?rest_route=\/wp\/v2\/posts\/807\/revisions\/809"}],"wp:featuredmedia":[{"embeddable":true,"href":"https:\/\/noticiasregionais.com.br\/index.php?rest_route=\/wp\/v2\/media\/808"}],"wp:attachment":[{"href":"https:\/\/noticiasregionais.com.br\/index.php?rest_route=%2Fwp%2Fv2%2Fmedia&parent=807"}],"wp:term":[{"taxonomy":"category","embeddable":true,"href":"https:\/\/noticiasregionais.com.br\/index.php?rest_route=%2Fwp%2Fv2%2Fcategories&post=807"},{"taxonomy":"post_tag","embeddable":true,"href":"https:\/\/noticiasregionais.com.br\/index.php?rest_route=%2Fwp%2Fv2%2Ftags&post=807"}],"curies":[{"name":"wp","href":"https:\/\/api.w.org\/{rel}","templated":true}]}}