{"id":810,"date":"2023-10-14T20:36:57","date_gmt":"2023-10-14T23:36:57","guid":{"rendered":"https:\/\/noticiasregionais.com.br\/?p=810"},"modified":"2023-10-14T20:37:08","modified_gmt":"2023-10-14T23:37:08","slug":"putin-avanca-e-ameaca-implodir-contraofensiva-da-ucrania","status":"publish","type":"post","link":"https:\/\/noticiasregionais.com.br\/?p=810","title":{"rendered":"Putin avan\u00e7a e amea\u00e7a implodir contraofensiva da Ucr\u00e2nia"},"content":{"rendered":"\n<p class=\"has-text-align-center\"><strong>Segundo disse neste s\u00e1bado (14) o general Oleksandr Sirskii, chefe das for\u00e7as terrestres ucranianas, &#8216;a situa\u00e7\u00e3o piorou significativamente&#8217; na regi\u00e3o.<\/strong><\/p>\n\n\n\n<p>O avan\u00e7o das for\u00e7as de Vladimir Putin no leste da Ucr\u00e2nia, que segundo os Estados Unidos configuram uma nova ofensiva da guerra, amea\u00e7am toda a linha defensiva na regi\u00e3o com um colapso que pode implodir de vez a contraofensiva que Kiev iniciou em junho.<\/p>\n\n\n\n<p>Segundo disse neste s\u00e1bado (14) o general Oleksandr Sirskii, chefe das for\u00e7as terrestres ucranianas, &#8220;a situa\u00e7\u00e3o piorou significativamente&#8221; na regi\u00e3o. Na v\u00e9spera, o porta-voz do Conselho de Seguran\u00e7a Nacional americano, John Kirby, disse que os russos retomaram de vez a iniciativa na invas\u00e3o iniciada em fevereiro de 2022.<\/p>\n\n\n\n<p>A situa\u00e7\u00e3o come\u00e7ou a se configurar nesta semana, quando ficou claro o novo esfor\u00e7o russo contra a cidade de Avdiika, que desde 2014 estabelecia o ponto de contato entre Kiev e as for\u00e7as separatistas pr\u00f3-Moscou que come\u00e7aram uma guerra civil estimuladas por Putin para evitar que a Ucr\u00e2nia, cujo presidente simp\u00e1tico ao Kremlin havia sido derrubado, ingressasse na esfera europeia.<\/p>\n\n\n\n<p>O local fica ao norte de Donetsk, a capital regional da prov\u00edncia hom\u00f4nima, que comp\u00f5e com Lugansk a \u00e1rea hist\u00f3rica do Donbass. A ofensiva complementava a tentativa, essa em curso desde o fim de julho, de Moscou avan\u00e7ar no nordeste do pa\u00eds, na regi\u00e3o de Kharkiv, mais ao norte.<\/p>\n\n\n\n<p>Isso configuraria um movimento de pin\u00e7a cl\u00e1ssico, visando cercar o grosso das for\u00e7as ucranianas em Donetsk, \u00e1rea que Putin anexou ilegalmente no ano passado, mas da qual s\u00f3 controla cerca de 55%.<\/p>\n\n\n\n<p>Sirskii descreveu parte disso ao visitar soldados na frente de batalha. Ele apontou para a gravidade da situa\u00e7\u00e3o na dire\u00e7\u00e3o de Kupiansk, em Kharkiv. &#8220;O principal objetivo do inimigo \u00e9 derrotar o grupamento de nossas tropas, cercar Kupiansk e chegar ao rio Oskil&#8221;, afirmou. Olhando o mapa, \u00e9 o necess\u00e1rio justamente para tentar uma t\u00e1tica de envelopamento das for\u00e7as de Kiev em Donetsk.<\/p>\n\n\n\n<p>Mais importante, contudo, \u00e9 o &#8220;timing&#8221; da a\u00e7\u00e3o russa. A janela para opera\u00e7\u00f5es de maior porte est\u00e1 se fechando devido \u00e0s condi\u00e7\u00f5es clim\u00e1ticas &#8211; chuvas de outono e o congelante inverno do Hemisf\u00e9rio Norte na regi\u00e3o.<\/p>\n\n\n\n<p>Isso j\u00e1 trazia um senso de fracasso para a contraofensiva que Volodimir Zelenski lan\u00e7ou com pompa em 4 de junho, amparada no recebimento de equipamento ocidental como tanques alem\u00e3es Leopard-2 e no treinamento de diversos batalh\u00f5es por for\u00e7as da Otan (alian\u00e7a militar liderada pelos EUA).<\/p>\n\n\n\n<p>Houve avan\u00e7os pontuais, mas as fortes linhas defensivas estabelecidas pelos russos basicamente impediram o emprego de blindados avan\u00e7ados, e os ucranianos tiveram de lidar com incurs\u00f5es com grupos pequenos por meio de campos minados e sob fogo.<\/p>\n\n\n\n<p>O maior sucesso ocorreu na regi\u00e3o de Zapor\u00edjia (sul), mas mesmo assim foi travado antes que pudesse se tornar uma a\u00e7\u00e3o decisiva rumo a Melipotol e ao litoral do mar de Azov, cortando assim a liga\u00e7\u00e3o terrestre entre a R\u00fassia e a Crimeia anexada tamb\u00e9m em 2014, ap\u00f3s a mudan\u00e7a do governo em Kiev.<\/p>\n\n\n\n<p>Nos \u00faltimos meses, as dificuldades de Zelenski levaram a uma s\u00e9rie de cr\u00edticas de seus aliados ocidentais, irritados com o constante pedido por mais armas do ucraniano. O fato \u00e9 que ele recebeu o suficiente para se defender bem, mas n\u00e3o para um avan\u00e7o significativos &#8211; o que sugere a efic\u00e1cia das amea\u00e7as de escalada nuclear feitas de tempos em tempos pela R\u00fassia, que considera que o Ocidente luta uma guerra por procura\u00e7\u00e3o.<\/p>\n\n\n\n<p>Com efeito, na sexta o diplomata russo Vass\u00edli Nebenzia disse na ONU que &#8220;a dita contraofensiva ucraniana pode ser considerada acabada&#8221;. Exagero \u00e0 parte, sem tantas reservas para mobilizar na dire\u00e7\u00e3o de Avdiika e Kupiansk, Kiev lida com o risco de ter de se entrincheirar.<\/p>\n\n\n\n<p>Tamb\u00e9m no reino da especula\u00e7\u00e3o, uma eventual vit\u00f3ria em Donetsk poderia levar Putin, que n\u00e3o teve condi\u00e7\u00f5es de atingir seu objetivo de subjugar toda a Ucr\u00e2nia, a eventualmente cessar os combates em seus termos, alegando vit\u00f3ria e aproveitando o fastio ocidental com a guerra. Isso esbarraria na oposi\u00e7\u00e3o de Kiev, contudo.<\/p>\n\n\n\n<p>Kirby afirmou que ainda confia numa virada ucraniana, mas a realidade n\u00e3o parece estar muito a favor de Zelenski, que j\u00e1 enfrenta um calend\u00e1rio pol\u00edtico adverso na \u00f3rbita da Otan. For\u00e7as pr\u00f3-R\u00fassia formaram um governo na Eslov\u00e1quia, a Pol\u00f4nia vai \u00e0s urnas no domingo (15) cada vez mais distante do vizinho e os EUA est\u00e3o em plena batalha sobre a continuidade da ajuda militar \u00e0 Ucr\u00e2nia.<\/p>\n\n\n\n<p>Para completar o azedume em Kiev, a guerra entre Israel e o Hamas monopoliza as aten\u00e7\u00f5es do Ocidente e da m\u00eddia, o que provoca um evidente impacto na moral ucraniana.<\/p>\n\n\n\n<p><sub><strong>fonte: Sampi \/ Folhapress<\/strong><\/sub><\/p>\n<input type=\"hidden\" id=\"baseurl\" value=\"https:\/\/noticiasregionais.com.br\"><input type=\"hidden\" id=\"audio_nonce\" value=\"533fbb67b1\">","protected":false},"excerpt":{"rendered":"<p>Segundo disse neste s\u00e1bado (14) o general Oleksandr Sirskii, chefe das for\u00e7as terrestres ucranianas, &#8216;a situa\u00e7\u00e3o piorou significativamente&#8217; na regi\u00e3o.&hellip;<\/p>\n","protected":false},"author":1,"featured_media":812,"comment_status":"closed","ping_status":"open","sticky":false,"template":"","format":"standard","meta":{"sfsi_plus_gutenberg_text_before_share":"","sfsi_plus_gutenberg_show_text_before_share":"","sfsi_plus_gutenberg_icon_type":"","sfsi_plus_gutenberg_icon_alignemt":"","sfsi_plus_gutenburg_max_per_row":"","footnotes":""},"categories":[9,10,1],"tags":[],"class_list":["post-810","post","type-post","status-publish","format-standard","has-post-thumbnail","hentry","category-mundo","category-destaques","category-noticias"],"_links":{"self":[{"href":"https:\/\/noticiasregionais.com.br\/index.php?rest_route=\/wp\/v2\/posts\/810","targetHints":{"allow":["GET"]}}],"collection":[{"href":"https:\/\/noticiasregionais.com.br\/index.php?rest_route=\/wp\/v2\/posts"}],"about":[{"href":"https:\/\/noticiasregionais.com.br\/index.php?rest_route=\/wp\/v2\/types\/post"}],"author":[{"embeddable":true,"href":"https:\/\/noticiasregionais.com.br\/index.php?rest_route=\/wp\/v2\/users\/1"}],"replies":[{"embeddable":true,"href":"https:\/\/noticiasregionais.com.br\/index.php?rest_route=%2Fwp%2Fv2%2Fcomments&post=810"}],"version-history":[{"count":1,"href":"https:\/\/noticiasregionais.com.br\/index.php?rest_route=\/wp\/v2\/posts\/810\/revisions"}],"predecessor-version":[{"id":813,"href":"https:\/\/noticiasregionais.com.br\/index.php?rest_route=\/wp\/v2\/posts\/810\/revisions\/813"}],"wp:featuredmedia":[{"embeddable":true,"href":"https:\/\/noticiasregionais.com.br\/index.php?rest_route=\/wp\/v2\/media\/812"}],"wp:attachment":[{"href":"https:\/\/noticiasregionais.com.br\/index.php?rest_route=%2Fwp%2Fv2%2Fmedia&parent=810"}],"wp:term":[{"taxonomy":"category","embeddable":true,"href":"https:\/\/noticiasregionais.com.br\/index.php?rest_route=%2Fwp%2Fv2%2Fcategories&post=810"},{"taxonomy":"post_tag","embeddable":true,"href":"https:\/\/noticiasregionais.com.br\/index.php?rest_route=%2Fwp%2Fv2%2Ftags&post=810"}],"curies":[{"name":"wp","href":"https:\/\/api.w.org\/{rel}","templated":true}]}}