{"id":814,"date":"2023-10-16T13:07:25","date_gmt":"2023-10-16T16:07:25","guid":{"rendered":"https:\/\/noticiasregionais.com.br\/?p=814"},"modified":"2023-10-16T13:07:28","modified_gmt":"2023-10-16T16:07:28","slug":"policia-rodoviaria-apreende-grande-quantidade-de-baterias-de-celular-sem-nota-fiscal","status":"publish","type":"post","link":"https:\/\/noticiasregionais.com.br\/?p=814","title":{"rendered":"Pol\u00edcia Rodovi\u00e1ria apreende grande quantidade de baterias de celular sem nota fiscal"},"content":{"rendered":"\n<p>A Pol\u00edcia Militar Rodovi\u00e1ria apreendeu, na manh\u00e3 desta segunda-feira (16), uma grande quantidade de baterias de celular, de origem estrangeira e desprovidas de nota fiscal, em um \u00f4nibus de transporte coletivo de passageiros, na rodovia SP-270, em Assis, no interior de S\u00e3o Paulo.<\/p>\n\n\n\n<p>De acordo com a PMR, a apreens\u00e3o ocorreu durante a Opera\u00e7\u00e3o Impacto, quando policiais abordaram um \u00f4nibus que seguia de Cuiab\u00e1, no Mato Grosso, para S\u00e3o Paulo.<\/p>\n\n\n\n<p>Ap\u00f3s entrevistarem um dos passageiros, um homem de 52 anos, os policiais notaram certo nervosismo e respostas contradit\u00f3rias em rela\u00e7\u00e3o ao motivo da viagem. Em seguida, realizaram uma busca veicular minuciosa e localizaram as baterias, que estavam transportadas em uma mochila e em duas bolsas acondicionadas no bagageiro do \u00f4nibus.<\/p>\n\n\n\n<p>O homem foi preso em flagrante por descaminho e encaminhado \u00e0 Pol\u00edcia Federal em Mar\u00edlia. As baterias foram apreendidas e ser\u00e3o encaminhadas para per\u00edcia.<\/p>\n\n\n\n<p>A ocorr\u00eancia est\u00e1 sendo apresentada na Pol\u00edcia Federal em Mar\u00edlia.<\/p>\n\n\n\n<p><strong>Apreens\u00e3o de baterias de celular \u00e9 um crime comum<\/strong><\/p>\n\n\n\n<p>O descaminho de baterias de celular \u00e9 um crime comum no Brasil. As baterias s\u00e3o contrabandeadas, geralmente, da China, e vendidas no mercado brasileiro por pre\u00e7os abaixo do mercado.<\/p>\n\n\n\n<p>O crime de descaminho \u00e9 previsto no artigo 334 do C\u00f3digo Penal e tem pena de reclus\u00e3o de um a quatro anos, al\u00e9m de multa.<\/p>\n\n\n\n<p><strong>Pol\u00edcia Rodovi\u00e1ria alerta para os riscos do descaminho<\/strong><\/p>\n\n\n\n<p>A Pol\u00edcia Rodovi\u00e1ria alerta para os riscos do descaminho. Al\u00e9m de ser um crime, o descaminho pode trazer riscos \u00e0 sa\u00fade e \u00e0 seguran\u00e7a dos consumidores.<\/p>\n\n\n\n<p>As baterias de celular contrabandeadas, por exemplo, podem n\u00e3o atender aos padr\u00f5es de qualidade e seguran\u00e7a exigidos no Brasil. Isso pode aumentar o risco de acidentes, como inc\u00eandios e explos\u00f5es.<\/p>\n\n\n\n<p>A popula\u00e7\u00e3o pode ajudar a combater o descaminho denunciando qualquer irregularidade \u00e0 Pol\u00edcia Rodovi\u00e1ria.<\/p>\n<input type=\"hidden\" id=\"baseurl\" value=\"https:\/\/noticiasregionais.com.br\"><input type=\"hidden\" id=\"audio_nonce\" value=\"533fbb67b1\">","protected":false},"excerpt":{"rendered":"<p>A Pol\u00edcia Militar Rodovi\u00e1ria apreendeu, na manh\u00e3 desta segunda-feira (16), uma grande quantidade de baterias de celular, de origem estrangeira&hellip;<\/p>\n","protected":false},"author":1,"featured_media":815,"comment_status":"closed","ping_status":"open","sticky":false,"template":"","format":"standard","meta":{"sfsi_plus_gutenberg_text_before_share":"","sfsi_plus_gutenberg_show_text_before_share":"","sfsi_plus_gutenberg_icon_type":"","sfsi_plus_gutenberg_icon_alignemt":"","sfsi_plus_gutenburg_max_per_row":"","footnotes":""},"categories":[6,12,1],"tags":[],"class_list":["post-814","post","type-post","status-publish","format-standard","has-post-thumbnail","hentry","category-sao_paulo","category-capa","category-noticias"],"_links":{"self":[{"href":"https:\/\/noticiasregionais.com.br\/index.php?rest_route=\/wp\/v2\/posts\/814","targetHints":{"allow":["GET"]}}],"collection":[{"href":"https:\/\/noticiasregionais.com.br\/index.php?rest_route=\/wp\/v2\/posts"}],"about":[{"href":"https:\/\/noticiasregionais.com.br\/index.php?rest_route=\/wp\/v2\/types\/post"}],"author":[{"embeddable":true,"href":"https:\/\/noticiasregionais.com.br\/index.php?rest_route=\/wp\/v2\/users\/1"}],"replies":[{"embeddable":true,"href":"https:\/\/noticiasregionais.com.br\/index.php?rest_route=%2Fwp%2Fv2%2Fcomments&post=814"}],"version-history":[{"count":1,"href":"https:\/\/noticiasregionais.com.br\/index.php?rest_route=\/wp\/v2\/posts\/814\/revisions"}],"predecessor-version":[{"id":816,"href":"https:\/\/noticiasregionais.com.br\/index.php?rest_route=\/wp\/v2\/posts\/814\/revisions\/816"}],"wp:featuredmedia":[{"embeddable":true,"href":"https:\/\/noticiasregionais.com.br\/index.php?rest_route=\/wp\/v2\/media\/815"}],"wp:attachment":[{"href":"https:\/\/noticiasregionais.com.br\/index.php?rest_route=%2Fwp%2Fv2%2Fmedia&parent=814"}],"wp:term":[{"taxonomy":"category","embeddable":true,"href":"https:\/\/noticiasregionais.com.br\/index.php?rest_route=%2Fwp%2Fv2%2Fcategories&post=814"},{"taxonomy":"post_tag","embeddable":true,"href":"https:\/\/noticiasregionais.com.br\/index.php?rest_route=%2Fwp%2Fv2%2Ftags&post=814"}],"curies":[{"name":"wp","href":"https:\/\/api.w.org\/{rel}","templated":true}]}}