{"id":817,"date":"2023-10-16T13:40:19","date_gmt":"2023-10-16T16:40:19","guid":{"rendered":"https:\/\/noticiasregionais.com.br\/?p=817"},"modified":"2023-10-16T13:40:31","modified_gmt":"2023-10-16T16:40:31","slug":"mulher-e-presa-por-trafico-de-drogas-em-cambara","status":"publish","type":"post","link":"https:\/\/noticiasregionais.com.br\/?p=817","title":{"rendered":"Mulher \u00e9 presa por tr\u00e1fico de drogas em Cambar\u00e1"},"content":{"rendered":"\n<p>Uma mulher foi presa por tr\u00e1fico de drogas na manh\u00e3 desta quinta-feira (12), em Cambar\u00e1, no Paran\u00e1. A pris\u00e3o ocorreu ap\u00f3s den\u00fancias de que a mulher estaria comercializando drogas em sua resid\u00eancia, na Rua Genaro Resende.<\/p>\n\n\n\n<p>Ap\u00f3s a den\u00fancia, policiais militares abordaram a mulher e, com a autoriza\u00e7\u00e3o dela, realizaram revista pela casa. No quarto do casal, os policiais encontraram por\u00e7\u00f5es de maconha, balan\u00e7as de precis\u00e3o e material utilizado para embalar o entorpecente.<\/p>\n\n\n\n<p>A mulher informou que o marido havia guardado a droga ali, mas ele n\u00e3o se encontrava no local. Ela recebeu voz de pris\u00e3o e foi encaminhada para a Delegacia de Pol\u00edcia de Cambar\u00e1.<\/p>\n\n\n\n<p><strong>Pol\u00edcia investiga o caso<\/strong><\/p>\n\n\n\n<p>A Pol\u00edcia Civil investiga o caso para identificar e localizar o marido da mulher presa. A droga apreendida foi encaminhada para per\u00edcia.<\/p>\n\n\n\n<p><strong>Tr\u00e1fico de drogas \u00e9 crime grave<\/strong><\/p>\n\n\n\n<p>O tr\u00e1fico de drogas \u00e9 um crime grave, previsto no artigo 33 da Lei de Drogas. A pena para o crime de tr\u00e1fico de drogas varia de 5 a 15 anos de pris\u00e3o, al\u00e9m de multa.<\/p>\n\n\n\n<p>A popula\u00e7\u00e3o pode ajudar a combater o tr\u00e1fico de drogas denunciando qualquer irregularidade \u00e0 Pol\u00edcia Civil.<\/p>\n\n\n<div class=\"wp-block-image\">\n<figure class=\"aligncenter size-full\"><img decoding=\"async\" width=\"581\" height=\"952\" src=\"https:\/\/noticiasregionais.com.br\/wp-content\/uploads\/2023\/10\/WhatsApp-Image-2023-10-16-at-11.13.27.jpeg\" alt=\"\" class=\"wp-image-818\" srcset=\"https:\/\/noticiasregionais.com.br\/wp-content\/uploads\/2023\/10\/WhatsApp-Image-2023-10-16-at-11.13.27.jpeg 581w, https:\/\/noticiasregionais.com.br\/wp-content\/uploads\/2023\/10\/WhatsApp-Image-2023-10-16-at-11.13.27-183x300.jpeg 183w\" sizes=\"(max-width: 581px) 100vw, 581px\" \/><\/figure>\n<\/div><input type=\"hidden\" id=\"baseurl\" value=\"https:\/\/noticiasregionais.com.br\"><input type=\"hidden\" id=\"audio_nonce\" value=\"533fbb67b1\">","protected":false},"excerpt":{"rendered":"<p>Uma mulher foi presa por tr\u00e1fico de drogas na manh\u00e3 desta quinta-feira (12), em Cambar\u00e1, no Paran\u00e1. A pris\u00e3o ocorreu&hellip;<\/p>\n","protected":false},"author":1,"featured_media":820,"comment_status":"closed","ping_status":"open","sticky":false,"template":"","format":"standard","meta":{"sfsi_plus_gutenberg_text_before_share":"","sfsi_plus_gutenberg_show_text_before_share":"","sfsi_plus_gutenberg_icon_type":"","sfsi_plus_gutenberg_icon_alignemt":"","sfsi_plus_gutenburg_max_per_row":"","footnotes":""},"categories":[7,10,1],"tags":[],"class_list":["post-817","post","type-post","status-publish","format-standard","has-post-thumbnail","hentry","category-parana","category-destaques","category-noticias"],"_links":{"self":[{"href":"https:\/\/noticiasregionais.com.br\/index.php?rest_route=\/wp\/v2\/posts\/817","targetHints":{"allow":["GET"]}}],"collection":[{"href":"https:\/\/noticiasregionais.com.br\/index.php?rest_route=\/wp\/v2\/posts"}],"about":[{"href":"https:\/\/noticiasregionais.com.br\/index.php?rest_route=\/wp\/v2\/types\/post"}],"author":[{"embeddable":true,"href":"https:\/\/noticiasregionais.com.br\/index.php?rest_route=\/wp\/v2\/users\/1"}],"replies":[{"embeddable":true,"href":"https:\/\/noticiasregionais.com.br\/index.php?rest_route=%2Fwp%2Fv2%2Fcomments&post=817"}],"version-history":[{"count":1,"href":"https:\/\/noticiasregionais.com.br\/index.php?rest_route=\/wp\/v2\/posts\/817\/revisions"}],"predecessor-version":[{"id":821,"href":"https:\/\/noticiasregionais.com.br\/index.php?rest_route=\/wp\/v2\/posts\/817\/revisions\/821"}],"wp:featuredmedia":[{"embeddable":true,"href":"https:\/\/noticiasregionais.com.br\/index.php?rest_route=\/wp\/v2\/media\/820"}],"wp:attachment":[{"href":"https:\/\/noticiasregionais.com.br\/index.php?rest_route=%2Fwp%2Fv2%2Fmedia&parent=817"}],"wp:term":[{"taxonomy":"category","embeddable":true,"href":"https:\/\/noticiasregionais.com.br\/index.php?rest_route=%2Fwp%2Fv2%2Fcategories&post=817"},{"taxonomy":"post_tag","embeddable":true,"href":"https:\/\/noticiasregionais.com.br\/index.php?rest_route=%2Fwp%2Fv2%2Ftags&post=817"}],"curies":[{"name":"wp","href":"https:\/\/api.w.org\/{rel}","templated":true}]}}