{"id":822,"date":"2023-10-16T14:02:18","date_gmt":"2023-10-16T17:02:18","guid":{"rendered":"https:\/\/noticiasregionais.com.br\/?p=822"},"modified":"2023-10-16T14:02:57","modified_gmt":"2023-10-16T17:02:57","slug":"caes-farejadores-ajudam-a-encontrar-20-tijolos-de-cocaina-em-bambuzal-da-regiao","status":"publish","type":"post","link":"https:\/\/noticiasregionais.com.br\/?p=822","title":{"rendered":"C\u00e3es farejadores ajudam a encontrar 20 tijolos de coca\u00edna em bambuzal da regi\u00e3o"},"content":{"rendered":"\n<p class=\"has-text-align-center\"><strong>A droga foi localizada em Gar\u00e7a, assim tamb\u00e9m como em Ja\u00fa<\/strong><\/p>\n\n\n\n<p>Com o emprego dos c\u00e3es farejadores Baruk e Saluki, o 13\u00ba Batalh\u00e3o de A\u00e7\u00f5es Especiais de Pol\u00edcia (Baep) localizou, na manh\u00e3 deste domingo (14), 20 tijolos de coca\u00edna, com aproximadamente 1 quilo cada um, em uma \u00e1rea de mata, pr\u00f3ximo a um bambuzal, em Gar\u00e7a (a 107 quil\u00f4metros de Ourinhos).<\/p>\n\n\n\n<p>A droga estava dentro de um tonel de pl\u00e1stico fechado, aberto com aux\u00edlio de ferramentas. Neste caso, o Baep foi acionado pelo policiamento de \u00e1rea da 4\u00aa Companhia do 9.\u00b0 Batalh\u00e3o de Pol\u00edcia Militar do Interior para realizar a busca de drogas.<\/p>\n\n\n\n<p>J\u00e1 em Ja\u00fa (a 170 quil\u00f4metros de Ourinhos), a equipe K9 do 13\u00ba Baep prestou apoio \u00e0s equipes do r\u00e1dio patrulhamento do 27\u00ba BPM\/I e localizou maconha e coca\u00edna.<\/p>\n\n\n\n<p>A droga foi encontrada ap\u00f3s um indiv\u00edduo fugir a p\u00e9 de um terreno para n\u00e3o ser abordado. No entanto, ele foi cercado e detido com por\u00e7\u00f5es de maconha. Foi iniciada, ent\u00e3o, varredura com o c\u00e3o Thanos na \u00e1rea de onde o homem fugira, sendo localizadas mais por\u00e7\u00f5es de maconha e coca\u00edna. Tamb\u00e9m foram encontrados materiais para embalagem das drogas.<\/p>\n\n\n\n<p>O homem permaneceu \u00e0 disposi\u00e7\u00e3o da Justi\u00e7a.<\/p>\n\n\n\n<p><sub><strong>fonte: JC Net Bauru<\/strong><\/sub><\/p>\n<input type=\"hidden\" id=\"baseurl\" value=\"https:\/\/noticiasregionais.com.br\"><input type=\"hidden\" id=\"audio_nonce\" value=\"533fbb67b1\">","protected":false},"excerpt":{"rendered":"<p>A droga foi localizada em Gar\u00e7a, assim tamb\u00e9m como em Ja\u00fa Com o emprego dos c\u00e3es farejadores Baruk e Saluki,&hellip;<\/p>\n","protected":false},"author":1,"featured_media":823,"comment_status":"closed","ping_status":"open","sticky":false,"template":"","format":"standard","meta":{"sfsi_plus_gutenberg_text_before_share":"","sfsi_plus_gutenberg_show_text_before_share":"","sfsi_plus_gutenberg_icon_type":"","sfsi_plus_gutenberg_icon_alignemt":"","sfsi_plus_gutenburg_max_per_row":"","footnotes":""},"categories":[6,10,1],"tags":[],"class_list":["post-822","post","type-post","status-publish","format-standard","has-post-thumbnail","hentry","category-sao_paulo","category-destaques","category-noticias"],"_links":{"self":[{"href":"https:\/\/noticiasregionais.com.br\/index.php?rest_route=\/wp\/v2\/posts\/822","targetHints":{"allow":["GET"]}}],"collection":[{"href":"https:\/\/noticiasregionais.com.br\/index.php?rest_route=\/wp\/v2\/posts"}],"about":[{"href":"https:\/\/noticiasregionais.com.br\/index.php?rest_route=\/wp\/v2\/types\/post"}],"author":[{"embeddable":true,"href":"https:\/\/noticiasregionais.com.br\/index.php?rest_route=\/wp\/v2\/users\/1"}],"replies":[{"embeddable":true,"href":"https:\/\/noticiasregionais.com.br\/index.php?rest_route=%2Fwp%2Fv2%2Fcomments&post=822"}],"version-history":[{"count":2,"href":"https:\/\/noticiasregionais.com.br\/index.php?rest_route=\/wp\/v2\/posts\/822\/revisions"}],"predecessor-version":[{"id":825,"href":"https:\/\/noticiasregionais.com.br\/index.php?rest_route=\/wp\/v2\/posts\/822\/revisions\/825"}],"wp:featuredmedia":[{"embeddable":true,"href":"https:\/\/noticiasregionais.com.br\/index.php?rest_route=\/wp\/v2\/media\/823"}],"wp:attachment":[{"href":"https:\/\/noticiasregionais.com.br\/index.php?rest_route=%2Fwp%2Fv2%2Fmedia&parent=822"}],"wp:term":[{"taxonomy":"category","embeddable":true,"href":"https:\/\/noticiasregionais.com.br\/index.php?rest_route=%2Fwp%2Fv2%2Fcategories&post=822"},{"taxonomy":"post_tag","embeddable":true,"href":"https:\/\/noticiasregionais.com.br\/index.php?rest_route=%2Fwp%2Fv2%2Ftags&post=822"}],"curies":[{"name":"wp","href":"https:\/\/api.w.org\/{rel}","templated":true}]}}