{"id":826,"date":"2023-10-17T12:32:15","date_gmt":"2023-10-17T15:32:15","guid":{"rendered":"https:\/\/noticiasregionais.com.br\/?p=826"},"modified":"2023-10-17T12:32:26","modified_gmt":"2023-10-17T15:32:26","slug":"sp-anuncia-aumento-de-85-dos-repasses-para-a-saude-dos-municipios-em-2024","status":"publish","type":"post","link":"https:\/\/noticiasregionais.com.br\/?p=826","title":{"rendered":"SP anuncia aumento de 85% dos repasses para a sa\u00fade dos munic\u00edpios em 2024"},"content":{"rendered":"\n<p class=\"has-text-align-center\"><strong>Tarc\u00edsio de Freitas apresentou o programa de Incentivo \u00e0 Gest\u00e3o Municipal, que eleva o valor \u00e0s prefeituras para cerca de R$ 700 milh\u00f5es<\/strong><\/p>\n\n\n\n<p>O governador Tarc\u00edsio de Freitas anunciou na noite desta segunda-feira (16), na capital, a cria\u00e7\u00e3o do programa de Incentivo \u00e0 Gest\u00e3o Municipal (IGM SUS-SP), que eleva em mais de 85% os repasses estaduais aos munic\u00edpios para os servi\u00e7os p\u00fablicos de sa\u00fade. O valor do aporte deve ficar pr\u00f3ximo de R$ 700 milh\u00f5es em 2024, de acordo com estimativa da Secretaria de Estado da Sa\u00fade.<\/p>\n\n\n\n<p>\u201cO Incentivo \u00e0 Gest\u00e3o Municipal \u00e9 um aumento do valor para cada munic\u00edpio do estado. Ou seja, s\u00e3o mais recursos para que a gente possa fazer gest\u00e3o em sa\u00fade. Os munic\u00edpios que hoje recebem R$ 4 per capita v\u00e3o passar a receber entre R$ 10 e R$ 35 per capita, de acordo com alguns fatores determinados e, obviamente, vinculados ao atingimento de determinados resultados e metas\u201d, disse o governador em solenidade na Sala S\u00e3o Paulo.<\/p>\n\n\n\n<p>\u201cEu tenho certeza que o resultado vai ser muito interessante e a gente vai estar, de fato, raciocinando com a quest\u00e3o da integra\u00e7\u00e3o, onde o investimento em preven\u00e7\u00e3o e promo\u00e7\u00e3o em sa\u00fade vem em primeiro lugar\u201d, acrescentou Tarc\u00edsio de Freitas.<\/p>\n\n\n\n<p>O IGM SUS-SP \u00e9 estruturado de forma escalonada, conforme a vulnerabilidade de cada cidade. Isso significa que os repasses ser\u00e3o feitos de acordo com a coloca\u00e7\u00e3o do munic\u00edpio em seis faixas distintas de classifica\u00e7\u00e3o, de acordo com seis indicadores de vulnerabilidade. O programa tamb\u00e9m amplia a transpar\u00eancia na aplica\u00e7\u00e3o de recursos, j\u00e1 que se baseia em crit\u00e9rios espec\u00edficos e mensur\u00e1veis para a transfer\u00eancia de verba a cada cidade.<\/p>\n\n\n\n<p>Os 62 munic\u00edpios considerados mais socialmente vulner\u00e1veis receber\u00e3o R$ 35 por habitante; os 92 munic\u00edpios classificados na faixa seguinte receber\u00e3o R$ 30 por morador; 162 munic\u00edpios da pr\u00f3xima faixa receber\u00e3o R$ 25 por habitante; e os das demais duas faixas ter\u00e3o R$ 20 e R$ 15 por morador, respectivamente.<\/p>\n\n\n\n<p>Isolada na \u00faltima faixa de classifica\u00e7\u00e3o, a cidade de S\u00e3o Paulo receber\u00e1 R$ 4 por habitante, totalizando um aporte de mais de R$ 45 milh\u00f5es. Ser\u00e1 a primeira vez que a capital receber\u00e1 cofinanciamento estadual para a aten\u00e7\u00e3o prim\u00e1ria \u00e0 sa\u00fade.<\/p>\n\n\n\n<p>\u201cMais uma vez o governo d\u00e1 uma demonstra\u00e7\u00e3o da prioridade que trata a \u00e1rea da sa\u00fade em S\u00e3o Paulo, com iniciativas inovadoras, com foco no apoio \u00e0 gest\u00e3o municipal. Estamos focados no encaminhamento de solu\u00e7\u00f5es que possam levar o SUS em S\u00e3o Paulo a superar desafios e proporcionar \u00e0 popula\u00e7\u00e3o qualidade no atendimento\u201d, afirmou o secret\u00e1rio de Estado da Sa\u00fade, Eleuses Paiva.<\/p>\n\n\n\n<p>At\u00e9 2023, os aportes do Governo de S\u00e3o Paulo aos munic\u00edpios na \u00e1rea da sa\u00fade eram os valores do Piso da Aten\u00e7\u00e3o B\u00e1sica (PAB) estadual e do programa Quali Mais. O PAB estadual repassa R$ 4 por habitante \u00e0s prefeituras. Somados, os programas garantem aos munic\u00edpios um repasse de R$ 372 milh\u00f5es por ano.<\/p>\n\n\n\n<p>Com o IGM, este valor ser\u00e1 quase 88% maior em 2024, sendo que os munic\u00edpios mais vulner\u00e1veis que recebiam R$ 4 por habitante passar\u00e3o a receber R$ 35 per capita, a depender dos indicadores da aten\u00e7\u00e3o b\u00e1sica. A Secretaria de Estado da Sa\u00fade ficar\u00e1 respons\u00e1vel pelo repasse dos valores.<\/p>\n<input type=\"hidden\" id=\"baseurl\" value=\"https:\/\/noticiasregionais.com.br\"><input type=\"hidden\" id=\"audio_nonce\" value=\"533fbb67b1\">","protected":false},"excerpt":{"rendered":"<p>Tarc\u00edsio de Freitas apresentou o programa de Incentivo \u00e0 Gest\u00e3o Municipal, que eleva o valor \u00e0s prefeituras para cerca de&hellip;<\/p>\n","protected":false},"author":1,"featured_media":827,"comment_status":"closed","ping_status":"open","sticky":false,"template":"","format":"standard","meta":{"sfsi_plus_gutenberg_text_before_share":"","sfsi_plus_gutenberg_show_text_before_share":"","sfsi_plus_gutenberg_icon_type":"","sfsi_plus_gutenberg_icon_alignemt":"","sfsi_plus_gutenburg_max_per_row":"","footnotes":""},"categories":[6,10,1],"tags":[],"class_list":["post-826","post","type-post","status-publish","format-standard","has-post-thumbnail","hentry","category-sao_paulo","category-destaques","category-noticias"],"_links":{"self":[{"href":"https:\/\/noticiasregionais.com.br\/index.php?rest_route=\/wp\/v2\/posts\/826","targetHints":{"allow":["GET"]}}],"collection":[{"href":"https:\/\/noticiasregionais.com.br\/index.php?rest_route=\/wp\/v2\/posts"}],"about":[{"href":"https:\/\/noticiasregionais.com.br\/index.php?rest_route=\/wp\/v2\/types\/post"}],"author":[{"embeddable":true,"href":"https:\/\/noticiasregionais.com.br\/index.php?rest_route=\/wp\/v2\/users\/1"}],"replies":[{"embeddable":true,"href":"https:\/\/noticiasregionais.com.br\/index.php?rest_route=%2Fwp%2Fv2%2Fcomments&post=826"}],"version-history":[{"count":1,"href":"https:\/\/noticiasregionais.com.br\/index.php?rest_route=\/wp\/v2\/posts\/826\/revisions"}],"predecessor-version":[{"id":828,"href":"https:\/\/noticiasregionais.com.br\/index.php?rest_route=\/wp\/v2\/posts\/826\/revisions\/828"}],"wp:featuredmedia":[{"embeddable":true,"href":"https:\/\/noticiasregionais.com.br\/index.php?rest_route=\/wp\/v2\/media\/827"}],"wp:attachment":[{"href":"https:\/\/noticiasregionais.com.br\/index.php?rest_route=%2Fwp%2Fv2%2Fmedia&parent=826"}],"wp:term":[{"taxonomy":"category","embeddable":true,"href":"https:\/\/noticiasregionais.com.br\/index.php?rest_route=%2Fwp%2Fv2%2Fcategories&post=826"},{"taxonomy":"post_tag","embeddable":true,"href":"https:\/\/noticiasregionais.com.br\/index.php?rest_route=%2Fwp%2Fv2%2Ftags&post=826"}],"curies":[{"name":"wp","href":"https:\/\/api.w.org\/{rel}","templated":true}]}}