{"id":829,"date":"2023-10-17T12:52:27","date_gmt":"2023-10-17T15:52:27","guid":{"rendered":"https:\/\/noticiasregionais.com.br\/?p=829"},"modified":"2023-10-17T12:55:31","modified_gmt":"2023-10-17T15:55:31","slug":"danos-causados-pelo-vendaval-sao-reparados-e-sae-reestabelece-abastecimento-em-ourinhos","status":"publish","type":"post","link":"https:\/\/noticiasregionais.com.br\/?p=829","title":{"rendered":"Danos causados pelo Vendaval s\u00e3o reparados e SAE reestabelece abastecimento em Ourinhos"},"content":{"rendered":"\n<p>A rede el\u00e9trica do setor de capta\u00e7\u00e3o da Esta\u00e7\u00e3o de Tratamento de \u00c1gua de Ourinhos, que havia sido danificada pela queda de uma \u00e1rvore durante o temporal da noite de segunda-feira (16), foi consertada na manh\u00e3 desta ter\u00e7a (17).<br>Servidores da SAE correram contra o tempo para restabelecer o bombeamento de \u00e1gua para tratamento e distribui\u00e7\u00e3o. O fornecimento de \u00e1gua come\u00e7a a ser normalizado, sanando o desabastecimento que ocorreu em algumas regi\u00f5es de Ourinhos. O sistema ser\u00e1 totalmente restabelecido entre 24h e 48h.<br>Entre as regi\u00f5es afetadas pelo desabastecimento tempor\u00e1rio est\u00e3o Centro, Vila Brasil, Barra Funda, Vila Christone, Vila Perino , Matilde, Parque das Flores, Jardim Oriental, Parque Minas Gerais, Jardim Am\u00e9rica, Eldorado, Orlando Quagliato e CDHU.<\/p>\n\n\n\n<figure class=\"wp-block-gallery has-nested-images columns-4 is-cropped wp-block-gallery-1 is-layout-flex wp-block-gallery-is-layout-flex\">\n<figure class=\"wp-block-image size-large\"><a href=\"https:\/\/noticiasregionais.com.br\/wp-content\/uploads\/2023\/10\/WhatsApp-Image-2023-10-16-at-20.01.53-2.jpeg\"><img decoding=\"async\" width=\"577\" height=\"1024\" data-id=\"832\" src=\"https:\/\/noticiasregionais.com.br\/wp-content\/uploads\/2023\/10\/WhatsApp-Image-2023-10-16-at-20.01.53-2-577x1024.jpeg\" alt=\"\" class=\"wp-image-832\" srcset=\"https:\/\/noticiasregionais.com.br\/wp-content\/uploads\/2023\/10\/WhatsApp-Image-2023-10-16-at-20.01.53-2-577x1024.jpeg 577w, https:\/\/noticiasregionais.com.br\/wp-content\/uploads\/2023\/10\/WhatsApp-Image-2023-10-16-at-20.01.53-2-169x300.jpeg 169w, https:\/\/noticiasregionais.com.br\/wp-content\/uploads\/2023\/10\/WhatsApp-Image-2023-10-16-at-20.01.53-2.jpeg 651w\" sizes=\"(max-width: 577px) 100vw, 577px\" \/><\/a><\/figure>\n\n\n\n<figure class=\"wp-block-image size-large\"><a href=\"https:\/\/noticiasregionais.com.br\/wp-content\/uploads\/2023\/10\/WhatsApp-Image-2023-10-16-at-20.01.53.jpeg\"><img decoding=\"async\" width=\"577\" height=\"1024\" data-id=\"833\" src=\"https:\/\/noticiasregionais.com.br\/wp-content\/uploads\/2023\/10\/WhatsApp-Image-2023-10-16-at-20.01.53-577x1024.jpeg\" alt=\"\" class=\"wp-image-833\" srcset=\"https:\/\/noticiasregionais.com.br\/wp-content\/uploads\/2023\/10\/WhatsApp-Image-2023-10-16-at-20.01.53-577x1024.jpeg 577w, https:\/\/noticiasregionais.com.br\/wp-content\/uploads\/2023\/10\/WhatsApp-Image-2023-10-16-at-20.01.53-169x300.jpeg 169w, https:\/\/noticiasregionais.com.br\/wp-content\/uploads\/2023\/10\/WhatsApp-Image-2023-10-16-at-20.01.53.jpeg 651w\" sizes=\"(max-width: 577px) 100vw, 577px\" \/><\/a><\/figure>\n\n\n\n<figure class=\"wp-block-image size-large\"><a href=\"https:\/\/noticiasregionais.com.br\/wp-content\/uploads\/2023\/10\/WhatsApp-Image-2023-10-16-at-20.01.53-1.jpeg\"><img decoding=\"async\" width=\"1024\" height=\"577\" data-id=\"831\" src=\"https:\/\/noticiasregionais.com.br\/wp-content\/uploads\/2023\/10\/WhatsApp-Image-2023-10-16-at-20.01.53-1-1024x577.jpeg\" alt=\"\" class=\"wp-image-831\" srcset=\"https:\/\/noticiasregionais.com.br\/wp-content\/uploads\/2023\/10\/WhatsApp-Image-2023-10-16-at-20.01.53-1-1024x577.jpeg 1024w, https:\/\/noticiasregionais.com.br\/wp-content\/uploads\/2023\/10\/WhatsApp-Image-2023-10-16-at-20.01.53-1-300x169.jpeg 300w, https:\/\/noticiasregionais.com.br\/wp-content\/uploads\/2023\/10\/WhatsApp-Image-2023-10-16-at-20.01.53-1-768x432.jpeg 768w, https:\/\/noticiasregionais.com.br\/wp-content\/uploads\/2023\/10\/WhatsApp-Image-2023-10-16-at-20.01.53-1.jpeg 1156w\" sizes=\"(max-width: 1024px) 100vw, 1024px\" \/><\/a><\/figure>\n\n\n\n<figure class=\"wp-block-image size-large\"><a href=\"https:\/\/noticiasregionais.com.br\/wp-content\/uploads\/2023\/10\/SAE-reparos.jpg\"><img decoding=\"async\" width=\"692\" height=\"775\" data-id=\"830\" src=\"https:\/\/noticiasregionais.com.br\/wp-content\/uploads\/2023\/10\/SAE-reparos.jpg\" alt=\"\" class=\"wp-image-830\" srcset=\"https:\/\/noticiasregionais.com.br\/wp-content\/uploads\/2023\/10\/SAE-reparos.jpg 692w, https:\/\/noticiasregionais.com.br\/wp-content\/uploads\/2023\/10\/SAE-reparos-268x300.jpg 268w\" sizes=\"(max-width: 692px) 100vw, 692px\" \/><\/a><\/figure>\n<\/figure>\n<input type=\"hidden\" id=\"baseurl\" value=\"https:\/\/noticiasregionais.com.br\"><input type=\"hidden\" id=\"audio_nonce\" value=\"533fbb67b1\">","protected":false},"excerpt":{"rendered":"<p>A rede el\u00e9trica do setor de capta\u00e7\u00e3o da Esta\u00e7\u00e3o de Tratamento de \u00c1gua de Ourinhos, que havia sido danificada pela&hellip;<\/p>\n","protected":false},"author":1,"featured_media":836,"comment_status":"closed","ping_status":"open","sticky":false,"template":"","format":"standard","meta":{"sfsi_plus_gutenberg_text_before_share":"","sfsi_plus_gutenberg_show_text_before_share":"","sfsi_plus_gutenberg_icon_type":"","sfsi_plus_gutenberg_icon_alignemt":"","sfsi_plus_gutenburg_max_per_row":"","footnotes":""},"categories":[1,12,5],"tags":[],"class_list":["post-829","post","type-post","status-publish","format-standard","has-post-thumbnail","hentry","category-noticias","category-capa","category-ourinhos"],"_links":{"self":[{"href":"https:\/\/noticiasregionais.com.br\/index.php?rest_route=\/wp\/v2\/posts\/829","targetHints":{"allow":["GET"]}}],"collection":[{"href":"https:\/\/noticiasregionais.com.br\/index.php?rest_route=\/wp\/v2\/posts"}],"about":[{"href":"https:\/\/noticiasregionais.com.br\/index.php?rest_route=\/wp\/v2\/types\/post"}],"author":[{"embeddable":true,"href":"https:\/\/noticiasregionais.com.br\/index.php?rest_route=\/wp\/v2\/users\/1"}],"replies":[{"embeddable":true,"href":"https:\/\/noticiasregionais.com.br\/index.php?rest_route=%2Fwp%2Fv2%2Fcomments&post=829"}],"version-history":[{"count":2,"href":"https:\/\/noticiasregionais.com.br\/index.php?rest_route=\/wp\/v2\/posts\/829\/revisions"}],"predecessor-version":[{"id":835,"href":"https:\/\/noticiasregionais.com.br\/index.php?rest_route=\/wp\/v2\/posts\/829\/revisions\/835"}],"wp:featuredmedia":[{"embeddable":true,"href":"https:\/\/noticiasregionais.com.br\/index.php?rest_route=\/wp\/v2\/media\/836"}],"wp:attachment":[{"href":"https:\/\/noticiasregionais.com.br\/index.php?rest_route=%2Fwp%2Fv2%2Fmedia&parent=829"}],"wp:term":[{"taxonomy":"category","embeddable":true,"href":"https:\/\/noticiasregionais.com.br\/index.php?rest_route=%2Fwp%2Fv2%2Fcategories&post=829"},{"taxonomy":"post_tag","embeddable":true,"href":"https:\/\/noticiasregionais.com.br\/index.php?rest_route=%2Fwp%2Fv2%2Ftags&post=829"}],"curies":[{"name":"wp","href":"https:\/\/api.w.org\/{rel}","templated":true}]}}