{"id":837,"date":"2023-10-17T12:59:24","date_gmt":"2023-10-17T15:59:24","guid":{"rendered":"https:\/\/noticiasregionais.com.br\/?p=837"},"modified":"2023-10-17T12:59:36","modified_gmt":"2023-10-17T15:59:36","slug":"etec-oferece-curso-de-especializacao-tecnica-em-oncologia-para-2024","status":"publish","type":"post","link":"https:\/\/noticiasregionais.com.br\/?p=837","title":{"rendered":"Etec oferece curso de Especializa\u00e7\u00e3o T\u00e9cnica em Oncologia para 2024"},"content":{"rendered":"\n<p class=\"has-text-align-center\"><strong>Ser\u00e3o oferecidas 40 vagas e inscri\u00e7\u00f5es devem ser feitas at\u00e9 8 de novembro; \u00e9 necess\u00e1rio ter conclu\u00eddo o curso de T\u00e9cnico em Enfermagem<\/strong><\/p>\n\n\n\n<p>A Especializa\u00e7\u00e3o T\u00e9cnica em Oncologia faz parte das novidades do Centro Paula Souza (<a href=\"https:\/\/www.cps.sp.gov.br\/sobre-o-centro-paula-souza\/\" target=\"_blank\" rel=\"noreferrer noopener\">CPS<\/a>) para as Escolas T\u00e9cnicas Estaduais (<a href=\"https:\/\/www.cps.sp.gov.br\/etec\/\" target=\"_blank\" rel=\"noreferrer noopener\">Etecs<\/a>) para 2024. Com carga hor\u00e1ria de 463 horas, ser\u00e1 oferecida pela Etec Elias Nechar, em Catanduva, regi\u00e3o de S\u00e3o Jos\u00e9 do Rio Preto.<\/p>\n\n\n\n<p>O curso faz parte do Eixo Tecnol\u00f3gico de Ambiente e Sa\u00fade, e tem mercado de trabalho em hospitais, cl\u00ednicas oncol\u00f3gicas, centros de recupera\u00e7\u00e3o e reabilita\u00e7\u00e3o para pacientes oncol\u00f3gicos e atendimento domiciliar. Ser\u00e3o oferecidas 40 vagas, com aulas no per\u00edodo da manh\u00e3.<\/p>\n\n\n\n<p>\u201cA pedido da unidade escolar, o curso ser\u00e1 iniciado em Catanduva, cidade que sedia o Hospital Em\u00edlio Carlos (<a href=\"https:\/\/fundacaopadrealbino.com.br\/hec\/historia\" target=\"_blank\" rel=\"noreferrer noopener\">HEC<\/a>), um polo no atendimento oncol\u00f3gico, com servi\u00e7os de radioterapia, quimioterapia e cuidados paliativos, que atende 19 cidades da regi\u00e3o. Mas a demanda por este profissional n\u00e3o \u00e9 apenas regional, h\u00e1 uma exig\u00eancia do mercado por trabalhadores com maior conhecimento t\u00e9cnico-cient\u00edfico para assist\u00eancia ao paciente com c\u00e2ncer\u201d, explica a Coordenadora de Projetos de Ambiente e Sa\u00fade do Grupo de Formula\u00e7\u00e3o e de An\u00e1lises Curriculares (Gfac) do CPS, Marisa Ramos Rodrigues da Silva.<\/p>\n\n\n\n<p>O Especialista T\u00e9cnico em Oncologia \u00e9 o profissional que atua na promo\u00e7\u00e3o, recupera\u00e7\u00e3o e reabilita\u00e7\u00e3o da sa\u00fade do indiv\u00edduo com c\u00e2ncer. Ainda tem as seguintes atribui\u00e7\u00f5es:<\/p>\n\n\n\n<ul class=\"wp-block-list\">\n<li>Auxiliar diretamente o enfermeiro durante a assist\u00eancia aos pacientes oncol\u00f3gicos;<\/li>\n\n\n\n<li>Cumprir as legisla\u00e7\u00f5es vigentes em Oncologia, assim como o Programa Nacional de Seguran\u00e7a ao paciente;<\/li>\n\n\n\n<li>Prestar cuidados nos procedimentos invasivos, com sondas, drenos e cateteres, realiza\u00e7\u00e3o de curativos, administra\u00e7\u00e3o de medicamentos conforme prescri\u00e7\u00e3o m\u00e9dica, entre outros;<\/li>\n\n\n\n<li>Preparar o paciente para coleta de exames laboratoriais, verificar sinais vitais e aplicar escala unidimensional da dor, visando acompanhar a evolu\u00e7\u00e3o do quadro cl\u00ednico do paciente;<\/li>\n\n\n\n<li>Prestar assist\u00eancia em emerg\u00eancias oncol\u00f3gicas e sob cuidados paliativos, cumprindo as prescri\u00e7\u00f5es de acordo com os procedimentos administrativos e assistenciais da profiss\u00e3o.<\/li>\n<\/ul>\n\n\n\n<p>\u201cO Grupo de Formula\u00e7\u00e3o e An\u00e1lise Curricular do Centro Paula Souza direcionou uma pesquisa aos estudantes do curso T\u00e9cnico em Enfermagem, que retornou com 1.090 respondentes. Destes 86,7% mostraram interesse na especializa\u00e7\u00e3o, 77,1% acreditam que a especializa\u00e7\u00e3o aumentaria a oportunidade empregat\u00edcia, 74,2% responderam que aumentaria a apropria\u00e7\u00e3o de conhecimentos, 72,4% que haveria maior reconhecimento profissional\u201d, completa.<\/p>\n\n\n\n<p><strong>Vestibulinho<\/strong><\/p>\n\n\n\n<p>O requisito de acesso \u00e0 especializa\u00e7\u00e3o t\u00e9cnica \u00e9 ter conclu\u00eddo o curso de T\u00e9cnico em Enfermagem ou curso equivalente (de acordo com a Tabela de Converg\u00eancia do Cat\u00e1logo Nacional de Cursos T\u00e9cnicos do Minist\u00e9rio da Educa\u00e7\u00e3o \u2013 MEC).<\/p>\n\n\n\n<p>A forma de ingresso \u00e9 o Vestibulinho, que tem inscri\u00e7\u00f5es abertas at\u00e9 as 15h do dia 8 de novembro.<\/p>\n\n\n\n<p>Outras informa\u00e7\u00f5es pelos telefones (11) 3471-4071 (Capital e Grande S\u00e3o Paulo) e 0800-772 2829 (demais localidades) ou pela internet&nbsp;<a href=\"http:\/\/www.vestibulinhoetec.com.br\/\" target=\"_blank\" rel=\"noreferrer noopener\">www.vestibulinhoetec.com.br<\/a>.<\/p>\n<input type=\"hidden\" id=\"baseurl\" value=\"https:\/\/noticiasregionais.com.br\"><input type=\"hidden\" id=\"audio_nonce\" value=\"3cdc555a10\">","protected":false},"excerpt":{"rendered":"<p>Ser\u00e3o oferecidas 40 vagas e inscri\u00e7\u00f5es devem ser feitas at\u00e9 8 de novembro; \u00e9 necess\u00e1rio ter conclu\u00eddo o curso de&hellip;<\/p>\n","protected":false},"author":1,"featured_media":838,"comment_status":"closed","ping_status":"open","sticky":false,"template":"","format":"standard","meta":{"sfsi_plus_gutenberg_text_before_share":"","sfsi_plus_gutenberg_show_text_before_share":"","sfsi_plus_gutenberg_icon_type":"","sfsi_plus_gutenberg_icon_alignemt":"","sfsi_plus_gutenburg_max_per_row":"","footnotes":""},"categories":[6,10,1],"tags":[],"class_list":["post-837","post","type-post","status-publish","format-standard","has-post-thumbnail","hentry","category-sao_paulo","category-destaques","category-noticias"],"_links":{"self":[{"href":"https:\/\/noticiasregionais.com.br\/index.php?rest_route=\/wp\/v2\/posts\/837","targetHints":{"allow":["GET"]}}],"collection":[{"href":"https:\/\/noticiasregionais.com.br\/index.php?rest_route=\/wp\/v2\/posts"}],"about":[{"href":"https:\/\/noticiasregionais.com.br\/index.php?rest_route=\/wp\/v2\/types\/post"}],"author":[{"embeddable":true,"href":"https:\/\/noticiasregionais.com.br\/index.php?rest_route=\/wp\/v2\/users\/1"}],"replies":[{"embeddable":true,"href":"https:\/\/noticiasregionais.com.br\/index.php?rest_route=%2Fwp%2Fv2%2Fcomments&post=837"}],"version-history":[{"count":1,"href":"https:\/\/noticiasregionais.com.br\/index.php?rest_route=\/wp\/v2\/posts\/837\/revisions"}],"predecessor-version":[{"id":839,"href":"https:\/\/noticiasregionais.com.br\/index.php?rest_route=\/wp\/v2\/posts\/837\/revisions\/839"}],"wp:featuredmedia":[{"embeddable":true,"href":"https:\/\/noticiasregionais.com.br\/index.php?rest_route=\/wp\/v2\/media\/838"}],"wp:attachment":[{"href":"https:\/\/noticiasregionais.com.br\/index.php?rest_route=%2Fwp%2Fv2%2Fmedia&parent=837"}],"wp:term":[{"taxonomy":"category","embeddable":true,"href":"https:\/\/noticiasregionais.com.br\/index.php?rest_route=%2Fwp%2Fv2%2Fcategories&post=837"},{"taxonomy":"post_tag","embeddable":true,"href":"https:\/\/noticiasregionais.com.br\/index.php?rest_route=%2Fwp%2Fv2%2Ftags&post=837"}],"curies":[{"name":"wp","href":"https:\/\/api.w.org\/{rel}","templated":true}]}}