{"id":8395,"date":"2025-06-17T16:30:00","date_gmt":"2025-06-17T19:30:00","guid":{"rendered":"https:\/\/noticiasregionais.com.br\/?p=8395"},"modified":"2025-06-17T16:30:00","modified_gmt":"2025-06-17T19:30:00","slug":"programa-amplia-transmissao-de-canais-de-tv-em-12-cidades-de-minas-gerais","status":"publish","type":"post","link":"https:\/\/noticiasregionais.com.br\/?p=8395","title":{"rendered":"Programa amplia transmiss\u00e3o de canais de TV em 12 cidades de Minas Gerais"},"content":{"rendered":"<p>\t\t\t\t\t\t\t\t\t\t<audio controls class=\"b61_audio_player\" data-noticia=\"82784\" src=\"https:\/\/brasil61.com\/rails\/active_storage\/blobs\/eyJfcmFpbHMiOnsibWVzc2FnZSI6IkJBaHBBOHRqQXc9PSIsImV4cCI6bnVsbCwicHVyIjoiYmxvYl9pZCJ9fQ==--b227ba21aa4339945dda443dc6d7e7bc265ce6fd\/MCOM250189A\"><\/audio><\/p>\n<p><strong>Mais 80 cidades brasileiras <\/strong>v\u00e3o contar, em breve, com novas op\u00e7\u00f5es de<strong> canais digitais de TV<\/strong>. O ministro das Comunica\u00e7\u00f5es, Frederico de Siqueira Filho, assinou dois novos contratos, no valor total de R$ 32 milh\u00f5es, para a instala\u00e7\u00e3o de esta\u00e7\u00f5es transmissoras em munic\u00edpios que ainda n\u00e3o contam com canais da <strong>Empresa Brasil de Comunica\u00e7\u00e3o (EBC) <\/strong>ou da Rede Legislativa.<\/p>\n<p>Os recursos do programa s\u00e3o do<strong> Novo Programa de Acelera\u00e7\u00e3o do Crescimento (Novo PAC)<\/strong>.<\/p>\n<p>A iniciativa faz parte do <strong>Programa Brasil Digital<\/strong>, que j\u00e1 est\u00e1 em expans\u00e3o e prev\u00ea beneficiar, <strong>no total, 250 cidades em todo o territ\u00f3rio nacional<\/strong>. Os equipamentos ser\u00e3o instalados em espa\u00e7os cedidos por \u00f3rg\u00e3os p\u00fablicos, promovendo economia e agilidade na implementa\u00e7\u00e3o.<\/p>\n<p>Em<strong> Minas Gerais<\/strong>, os munic\u00edpios de<strong> Arax\u00e1, Capelinha, Diamantina, Ipatinga, Itajub\u00e1, Jo\u00e3o Monlevade, Mariana, Ouro Preto, Po\u00e7os de Caldas, S\u00e3o Francisco, S\u00e3o Jo\u00e3o Del Rei e Varginha <\/strong>ter\u00e3o acesso \u00e0s transmiss\u00f5es.\u00a0<a data-tippreview-enabled=\"false\" data-tippreview-image=\"\" data-tippreview-title=\"\" href=\"https:\/\/www.gov.br\/mcom\/pt-br\/noticias\/2025\/junho\/ministerio-das-comunicacoes-investe-r-32-milhoes-para-levar-canais-publicos-a-80-cidades\" target=\"_self\" title=\"\" rel=\"noopener\">O programa vai chegar tamb\u00e9m a outros 68 munic\u00edpios do pa\u00eds.<\/a><\/p>\n<p>\u201cLevar o sinal digital de TV para todos os cantos do pa\u00eds, especialmente nas regi\u00f5es mais remotas, \u00e9 uma das metas do governo. A popula\u00e7\u00e3o tem o direito de acessar informa\u00e7\u00e3o de qualidade, cultura e servi\u00e7os p\u00fablicos na tela da TV\u201d, destacou o ministro das Comunica\u00e7\u00f5es, Frederico de Siqueira Filho.<\/p>\n<p>Com a amplia\u00e7\u00e3o, milh\u00f5es de brasileiros poder\u00e3o acompanhar a programa\u00e7\u00e3o de canais p\u00fablicos como<strong> TV Brasil, TV Educa\u00e7\u00e3o, TV Sa\u00fade, Canal GOV<\/strong>, al\u00e9m das emissoras da<strong> Rede Legislativa<\/strong>, que transmitem conte\u00fados da <strong>C\u00e2mara dos Deputados, Senado Federal, c\u00e2maras municipais e assembleias legislativas.<\/strong><\/p>\n<h2><strong>Cidades contempladas<\/strong><\/h2>\n<p>Os novos contratos contemplam munic\u00edpios em 16 estados, com destaque para, al\u00e9m de<strong> Minas, Par\u00e1 (10), Piau\u00ed (11) e S\u00e3o Paulo (8)<\/strong>. Todos os locais passar\u00e3o por vistorias t\u00e9cnicas para confirma\u00e7\u00e3o da viabilidade de instala\u00e7\u00e3o. As estruturas poder\u00e3o, ainda, ser compartilhadas com outras emissoras, p\u00fablicas ou privadas, caso haja capacidade dispon\u00edvel.<\/p>\n<p>A empresa contratada, Kokusai Denki Electric Linear S\/A, ser\u00e1 respons\u00e1vel pela instala\u00e7\u00e3o das esta\u00e7\u00f5es. A a\u00e7\u00e3o segue as diretrizes da<strong> Portaria n\u00ba 13.345,<\/strong> publicada em maio de 2023, que rege o Brasil Digital.<\/p>\n<p>A lista de cidades pode sofrer altera\u00e7\u00f5es conforme os crit\u00e9rios t\u00e9cnicos da vistoria. A expectativa \u00e9 que as transmiss\u00f5es estejam em funcionamento nos pr\u00f3ximos meses, ampliando o alcance da TV Digital p\u00fablica e fortalecendo o papel da comunica\u00e7\u00e3o como servi\u00e7o essencial \u00e0 cidadania.<\/p>\n<p>\t\t\t\t\t\t\t\t\t<img decoding=\"async\" src=\"https:\/\/brasil61.com\/api\/v1\/serve_pixel\/22254\/82784\" alt=\"Pixel Brasil 61\" class=\"b61_pixel\" width=\"0\" height=\"0\"><\/p>\n<div class=\"br61_backlink\">\n<p>\n\t\t\t\tFonte: <a href=\"https:\/\/brasil61.com\/programa-amplia-transmissao-de-canais-de-tv-em-12-cidades-de-minas-gerais-mcom250189\" title=\"Artigo Original: Programa amplia transmiss\u00e3o de canais de TV em 12 cidades de Minas Gerais\" target=\"_blank\" rel=\"noopener\">Brasil 61<\/a>\n\t\t\t<\/p>\n<\/p><\/div>\n<input type=\"hidden\" id=\"baseurl\" value=\"https:\/\/noticiasregionais.com.br\"><input type=\"hidden\" id=\"audio_nonce\" value=\"3cdc555a10\">","protected":false},"excerpt":{"rendered":"<p>Objetivo \u00e9 expandir sinais de emissoras p\u00fablicas; mas h\u00e1 previs\u00e3o de contemplar, tamb\u00e9m, em algumas localidades, TVs comerciais<\/p>\n","protected":false},"author":1,"featured_media":8396,"comment_status":"","ping_status":"open","sticky":false,"template":"","format":"standard","meta":{"sfsi_plus_gutenberg_text_before_share":"","sfsi_plus_gutenberg_show_text_before_share":"","sfsi_plus_gutenberg_icon_type":"","sfsi_plus_gutenberg_icon_alignemt":"","sfsi_plus_gutenburg_max_per_row":"","footnotes":""},"categories":[8],"tags":[],"class_list":["post-8395","post","type-post","status-publish","format-standard","has-post-thumbnail","hentry","category-brasil"],"_links":{"self":[{"href":"https:\/\/noticiasregionais.com.br\/index.php?rest_route=\/wp\/v2\/posts\/8395","targetHints":{"allow":["GET"]}}],"collection":[{"href":"https:\/\/noticiasregionais.com.br\/index.php?rest_route=\/wp\/v2\/posts"}],"about":[{"href":"https:\/\/noticiasregionais.com.br\/index.php?rest_route=\/wp\/v2\/types\/post"}],"author":[{"embeddable":true,"href":"https:\/\/noticiasregionais.com.br\/index.php?rest_route=\/wp\/v2\/users\/1"}],"replies":[{"embeddable":true,"href":"https:\/\/noticiasregionais.com.br\/index.php?rest_route=%2Fwp%2Fv2%2Fcomments&post=8395"}],"version-history":[{"count":0,"href":"https:\/\/noticiasregionais.com.br\/index.php?rest_route=\/wp\/v2\/posts\/8395\/revisions"}],"wp:featuredmedia":[{"embeddable":true,"href":"https:\/\/noticiasregionais.com.br\/index.php?rest_route=\/wp\/v2\/media\/8396"}],"wp:attachment":[{"href":"https:\/\/noticiasregionais.com.br\/index.php?rest_route=%2Fwp%2Fv2%2Fmedia&parent=8395"}],"wp:term":[{"taxonomy":"category","embeddable":true,"href":"https:\/\/noticiasregionais.com.br\/index.php?rest_route=%2Fwp%2Fv2%2Fcategories&post=8395"},{"taxonomy":"post_tag","embeddable":true,"href":"https:\/\/noticiasregionais.com.br\/index.php?rest_route=%2Fwp%2Fv2%2Ftags&post=8395"}],"curies":[{"name":"wp","href":"https:\/\/api.w.org\/{rel}","templated":true}]}}