{"id":840,"date":"2023-10-17T13:16:10","date_gmt":"2023-10-17T16:16:10","guid":{"rendered":"https:\/\/noticiasregionais.com.br\/?p=840"},"modified":"2023-10-17T13:17:05","modified_gmt":"2023-10-17T16:17:05","slug":"sest-senat-realizara-palestra-sobre-cuidados-com-a-saude-da-mulher","status":"publish","type":"post","link":"https:\/\/noticiasregionais.com.br\/?p=840","title":{"rendered":"SEST\/SENAT realizar\u00e1 palestra sobre cuidados com a sa\u00fade da mulher"},"content":{"rendered":"\n<p>O SEST\/SENAT de Ourinhos ir\u00e1 realizar no pr\u00f3ximo dia 24, a partir das 19h, no audit\u00f3rio da unidade, um evento em comemora\u00e7\u00e3o ao Outubro Rosa. A entrada ser\u00e1 1 litro de leite e ser\u00e1 doado a Unidade de Oncologia da Santa Casa de Ourinhos.<\/p>\n\n\n\n<p>A programa\u00e7\u00e3o contar\u00e1 com palestra com a enfermeira Joelma Camilo que abordar\u00e1 a conscientiza\u00e7\u00e3o e cuidados com a sa\u00fade da mulher, testemunho do Grupo Amigas do Peito e ainda sorteio de diversos brindes.<\/p>\n\n\n\n<p>A inscri\u00e7\u00e3o para participar do evento pode ser feita pelo link: <a href=\"https:\/\/forms.office.com\/r\/bFuGnV09LG\" target=\"_blank\" rel=\"noopener\">https:\/\/forms.office.com\/r\/bFuGnV09LG<\/a><\/p>\n\n\n\n<p>A unidade do SEST\/SENAT fica situada \u00e0 Rua Arcangelo Brianez, 431, Jardim Santa F\u00e9.<\/p>\n<input type=\"hidden\" id=\"baseurl\" value=\"https:\/\/noticiasregionais.com.br\"><input type=\"hidden\" id=\"audio_nonce\" value=\"533fbb67b1\">","protected":false},"excerpt":{"rendered":"<p>O SEST\/SENAT de Ourinhos ir\u00e1 realizar no pr\u00f3ximo dia 24, a partir das 19h, no audit\u00f3rio da unidade, um evento&hellip;<\/p>\n","protected":false},"author":1,"featured_media":841,"comment_status":"closed","ping_status":"open","sticky":false,"template":"","format":"standard","meta":{"sfsi_plus_gutenberg_text_before_share":"","sfsi_plus_gutenberg_show_text_before_share":"","sfsi_plus_gutenberg_icon_type":"","sfsi_plus_gutenberg_icon_alignemt":"","sfsi_plus_gutenburg_max_per_row":"","footnotes":""},"categories":[5,10,1],"tags":[],"class_list":["post-840","post","type-post","status-publish","format-standard","has-post-thumbnail","hentry","category-ourinhos","category-destaques","category-noticias"],"_links":{"self":[{"href":"https:\/\/noticiasregionais.com.br\/index.php?rest_route=\/wp\/v2\/posts\/840","targetHints":{"allow":["GET"]}}],"collection":[{"href":"https:\/\/noticiasregionais.com.br\/index.php?rest_route=\/wp\/v2\/posts"}],"about":[{"href":"https:\/\/noticiasregionais.com.br\/index.php?rest_route=\/wp\/v2\/types\/post"}],"author":[{"embeddable":true,"href":"https:\/\/noticiasregionais.com.br\/index.php?rest_route=\/wp\/v2\/users\/1"}],"replies":[{"embeddable":true,"href":"https:\/\/noticiasregionais.com.br\/index.php?rest_route=%2Fwp%2Fv2%2Fcomments&post=840"}],"version-history":[{"count":2,"href":"https:\/\/noticiasregionais.com.br\/index.php?rest_route=\/wp\/v2\/posts\/840\/revisions"}],"predecessor-version":[{"id":843,"href":"https:\/\/noticiasregionais.com.br\/index.php?rest_route=\/wp\/v2\/posts\/840\/revisions\/843"}],"wp:featuredmedia":[{"embeddable":true,"href":"https:\/\/noticiasregionais.com.br\/index.php?rest_route=\/wp\/v2\/media\/841"}],"wp:attachment":[{"href":"https:\/\/noticiasregionais.com.br\/index.php?rest_route=%2Fwp%2Fv2%2Fmedia&parent=840"}],"wp:term":[{"taxonomy":"category","embeddable":true,"href":"https:\/\/noticiasregionais.com.br\/index.php?rest_route=%2Fwp%2Fv2%2Fcategories&post=840"},{"taxonomy":"post_tag","embeddable":true,"href":"https:\/\/noticiasregionais.com.br\/index.php?rest_route=%2Fwp%2Fv2%2Ftags&post=840"}],"curies":[{"name":"wp","href":"https:\/\/api.w.org\/{rel}","templated":true}]}}