{"id":846,"date":"2023-10-17T19:26:21","date_gmt":"2023-10-17T22:26:21","guid":{"rendered":"https:\/\/noticiasregionais.com.br\/?p=846"},"modified":"2023-10-17T19:26:51","modified_gmt":"2023-10-17T22:26:51","slug":"eua-usam-porta-avioes-para-dissuadir-ira-de-se-envolver-na-guerra","status":"publish","type":"post","link":"https:\/\/noticiasregionais.com.br\/?p=846","title":{"rendered":"EUA usam porta-avi\u00f5es para dissuadir Ir\u00e3 de se envolver na guerra"},"content":{"rendered":"\n<p class=\"has-text-align-center\"><strong>Outras medidas foram anunciadas, como o refor\u00e7o de ca\u00e7as F-15 e F-16, al\u00e9m dos avi\u00f5es de ataque A-10, especializados em alvejar colunas blindadas.<\/strong><\/p>\n\n\n\n<p>Dissuas\u00e3o. A palavra, usualmente utilizada nos debates sobre quem tem mais armas nucleares em Moscou e Washington, passou a integrar o dicion\u00e1rio da crise atual no Oriente M\u00e9dio devido \u00e0 incisiva a\u00e7\u00e3o norte-americana para apoiar Israel em sua guerra contra o Hamas.<\/p>\n\n\n\n<p>O presidente Joe Biden, que ir\u00e1 ao Estado judeu e \u00e0 Jord\u00e2nia nesta quarta (18) em meio a amea\u00e7as de escalada por parte do arquirrival Ir\u00e3, optou por apoiar a ret\u00f3rica com seu instrumento b\u00e9lico mais vistoso. No caso, n\u00e3o s\u00f3 um, mas dois grupos de ataque de porta-avi\u00f5es, z\u00eanite da proje\u00e7\u00e3o militar americana mundo afora.<\/p>\n\n\n\n<p>Um deles, liderado pelo USS Gerald Ford, j\u00e1 estava por perto e foi deslocado para patrulhar o Mediterr\u00e2neo oriental, depois de uma paradinha em Israel para deixar alguns armamentos. O outro, capitaneado pelo USS Dwight Eisenhower, est\u00e1 a cerca de tr\u00eas semanas de dist\u00e2ncia.<\/p>\n\n\n\n<p>Outras medidas foram anunciadas, como o refor\u00e7o de ca\u00e7as F-15 e F-16, al\u00e9m dos avi\u00f5es de ataque A-10, especializados em alvejar colunas blindadas. Eles ser\u00e3o enviados para bases n\u00e3o nomeadas dos EUA no Oriente M\u00e9dio. Um grupamento extra de 2.000 fuzileiros navais dever\u00e1 ser enviado em breve, a ser somado com os cerca de 30 mil soldados americanos na regi\u00e3o.<\/p>\n\n\n\n<p>O aliado Reino Unido tamb\u00e9m ajuda, com dois navios de apoio e avi\u00f5es-patrulha P-8 na regi\u00e3o. Tudo isso com um s\u00f3 objetivo: demover Teer\u00e3, principal aliada e financiadora do Hamas e do ainda mais poderoso Hizbullah liban\u00eas, de envolver-se na guerra. N\u00e3o satisfeitos, Biden e outros membros de seu governo passaram o domingo (15) na TV repetindo isso com todas as letras.<\/p>\n\n\n\n<p>At\u00e9 aqui, funcionou, com o Ir\u00e3 mantendo a ambiguidade usual e alternando falas agressivas com mais comedidas. N\u00e3o se deve esquecer que o pa\u00eds persa j\u00e1 gastava mais de R$ 4 bilh\u00f5es por ano para manter e armas seus aliados n\u00e3o-estatais por temer um conflito cara-a-cara com uma pot\u00eancia nuclear. Israel tem estimadas 90 bombas.<\/p>\n\n\n\n<p>Mas a pot\u00eancia americana n\u00e3o pode ser subestimada. O pa\u00eds ret\u00e9m a capacidade \u00fanica na hist\u00f3ria mundial de deslocar um verdadeiro ex\u00e9rcito aeronaval na forma de seus grupos de porta-avi\u00f5es, e o USS Gerald Ford \u00e9 o maior e mais capaz deles j\u00e1 constru\u00eddo.<\/p>\n\n\n\n<p>Ap\u00f3s um desenvolvimento turbulento, em 2017 ele foi comissionado para testes finais de mar. \u00c9 um colosso de 333 metros de comprimento, com 25 anos de combust\u00edvel nuclear para lhe garantir autonomia infinita na pr\u00e1tica.<\/p>\n\n\n\n<p>Carrega at\u00e9 90 aeronaves, embora por problemas com suas novas tecnologias tenha como ca\u00e7a o cl\u00e1ssico F\/A-18 Super Hornet, e n\u00e3o o mais moderno F-35C, a vers\u00e3o naval do car\u00edssimo avi\u00e3o de quinta gera\u00e7\u00e3o, mais furtiva e avan\u00e7ada, que os EUA querem transformar em padr\u00e3o.<\/p>\n\n\n\n<p>Isso porque n\u00e3o foi compatibilizado o modelo com as novas catapultas eletromagn\u00e9ticas do Gerald Ford, um de seus diferenciais, pois permite lan\u00e7ar 220 avi\u00f5es por dia &#8211;a classe anterior, a Nimitz, permitia 25% a menos com seu maquin\u00e1rio a vapor.<\/p>\n\n\n\n<p>Seu complemento usual \u00e9 de 55 ca\u00e7as, apoiados por avi\u00f5es de vigil\u00e2ncia, guerra eletr\u00f4nica e helic\u00f3pteros. \u00c9 mais poder do que a maioria das For\u00e7as A\u00e9reas do mundo &#8211;a brasileira, em lenta renova\u00e7\u00e3o, n\u00e3o faz frente a isso com seus 76 jatos de combate, 70 deles modelos antigos com alguma moderniza\u00e7\u00e3o.<\/p>\n\n\n\n<p>Em compara\u00e7\u00e3o com as for\u00e7as que enfrentaria num hipot\u00e9tico confronto com o Ir\u00e3, a vantagem \u00e9 enorme: o pa\u00eds dos aiatol\u00e1s tem 260 ca\u00e7as, mas s\u00e3o todos modelos antigos, inclusive o famoso F-14 americano que estrelou a franquia &#8220;Top Gun&#8221; no cinema, comprado antes da Revolu\u00e7\u00e3o Isl\u00e2mica de 1979 que cortou os la\u00e7os entre Washington e Teer\u00e3.<\/p>\n\n\n\n<p>T\u00e3o importante quanto o porta-avi\u00f5es \u00e9 sua escolta, formada por um cruzador e tr\u00eas destr\u00f3ieres lan\u00e7adores de m\u00edsseis, al\u00e9m de um navio de apoio e um submarino nuclear de ataque com fun\u00e7\u00f5es mais defensivas.<\/p>\n\n\n\n<p>Cada cruzador da classe Ticonderoga leva at\u00e9 122 m\u00edsseis, incluindo o de cruzeiro Tomahawk, de grande fama ou inf\u00e2mia, a depender do lado de seu disparo, nas guerras americanas no Oriente M\u00e9dio. J\u00e1 os destr\u00f3ieres da classe Arleigh Burke t\u00eam em m\u00e9dia 90 m\u00edsseis consigo.<\/p>\n\n\n\n<p>Somando tudo, os dois grupos de ataque enviados podem sozinhos colocar em jogo imediatamente quase 800 m\u00edsseis, al\u00e9m de todo o arsenal a ser levado pelos ca\u00e7as a bordo dos porta-avi\u00f5es. Em compara\u00e7\u00e3o, o devastador primeiro dia de ataque a Bagd\u00e1 na guerra de 2003 viu empregados 40 m\u00edsseis de cruzeiro Tomahawk, sem falar em bombas guiadas e m\u00edsseis lan\u00e7ados por aeronaves.<\/p>\n\n\n\n<p>O USS Dwight Eisenhower, a caminho de Israel, \u00e9 da classe Nimitz e foi ao mar em 1977. Hoje, dos 11 grupos de porta-avi\u00f5es, 10 s\u00e3o desse tipo. Os novos modelos s\u00e3o car\u00edssimos, custando cerca de R$ 65 bilh\u00f5es o navio, no c\u00e2mbio atual. Dez foram planejados, e outros dois j\u00e1 est\u00e3o em constru\u00e7\u00e3o.<\/p>\n\n\n\n<p>O desenvolvimento exponencial de tecnologias de m\u00edsseis nos \u00faltimos anos colocou em xeque a ideia de ter esses gigantes alvos se deslocando perto de zonas de conflito, particularmente no teatro do Pac\u00edfico, onde os chineses e russos apostam alto em poderosos modelos &#8211;os famosos &#8220;matadores de porta-avi\u00f5es&#8221;.<\/p>\n\n\n\n<p>No contexto do Oriente M\u00e9dio, o Ir\u00e3 apostou no desenvolvimento de modelos bal\u00edsticos antinavio eficazes para a\u00e7\u00e3o no golfo P\u00e9rsico, baseados na fam\u00edlia Fateh-110. Especula-se que seus alcances v\u00e3o de 300 km a 700 km, mas s\u00e3o m\u00edsseis mais lentos que os chineses e russos, sendo mais f\u00e1ceis de interceptar.<\/p>\n\n\n\n<p>Isso dito, o posicionamento dos grupos de ataque americanos no Mediterr\u00e2neo diminui tais riscos, pois os iranianos teriam de ter seus m\u00edsseis baseados no aliado L\u00edbano, por exemplo, e um movimento desses seria seguido de perto por sat\u00e9lites e olheiros locais dos EUA e Israel.<\/p>\n\n\n\n<p>O bombardeio de dois aeroportos s\u00edrios por Israel na semana passada, contudo, sugere que Tel Aviv ou queria mandar uma mensagem para evitar movimenta\u00e7\u00f5es iranianas por seu aliado, ou mesmo para prevenir a entrega de alguma arma mais perigosa a ser levada para o L\u00edbano.<\/p>\n\n\n\n<p>O presidente russo, Vladimir Putin, criticou o envio do USS Gerald Ford como uma escalada, questionando se Biden queria &#8220;bombardear o L\u00edbano ou o qu\u00ea?&#8221;. Ele n\u00e3o est\u00e1 l\u00e1 para isso, a exemplo das ogivas nucleares israelenses: sua fun\u00e7\u00e3o inicial \u00e9 n\u00e3o ser usado, mas estar pronto para tal.<\/p>\n\n\n\n<p><strong><sub>fonte: Sampi \/ Folhapress<\/sub><\/strong><\/p>\n<input type=\"hidden\" id=\"baseurl\" value=\"https:\/\/noticiasregionais.com.br\"><input type=\"hidden\" id=\"audio_nonce\" value=\"533fbb67b1\">","protected":false},"excerpt":{"rendered":"<p>Outras medidas foram anunciadas, como o refor\u00e7o de ca\u00e7as F-15 e F-16, al\u00e9m dos avi\u00f5es de ataque A-10, especializados em&hellip;<\/p>\n","protected":false},"author":1,"featured_media":847,"comment_status":"closed","ping_status":"open","sticky":false,"template":"","format":"standard","meta":{"sfsi_plus_gutenberg_text_before_share":"","sfsi_plus_gutenberg_show_text_before_share":"","sfsi_plus_gutenberg_icon_type":"","sfsi_plus_gutenberg_icon_alignemt":"","sfsi_plus_gutenburg_max_per_row":"","footnotes":""},"categories":[9,10,1],"tags":[],"class_list":["post-846","post","type-post","status-publish","format-standard","has-post-thumbnail","hentry","category-mundo","category-destaques","category-noticias"],"_links":{"self":[{"href":"https:\/\/noticiasregionais.com.br\/index.php?rest_route=\/wp\/v2\/posts\/846","targetHints":{"allow":["GET"]}}],"collection":[{"href":"https:\/\/noticiasregionais.com.br\/index.php?rest_route=\/wp\/v2\/posts"}],"about":[{"href":"https:\/\/noticiasregionais.com.br\/index.php?rest_route=\/wp\/v2\/types\/post"}],"author":[{"embeddable":true,"href":"https:\/\/noticiasregionais.com.br\/index.php?rest_route=\/wp\/v2\/users\/1"}],"replies":[{"embeddable":true,"href":"https:\/\/noticiasregionais.com.br\/index.php?rest_route=%2Fwp%2Fv2%2Fcomments&post=846"}],"version-history":[{"count":1,"href":"https:\/\/noticiasregionais.com.br\/index.php?rest_route=\/wp\/v2\/posts\/846\/revisions"}],"predecessor-version":[{"id":848,"href":"https:\/\/noticiasregionais.com.br\/index.php?rest_route=\/wp\/v2\/posts\/846\/revisions\/848"}],"wp:featuredmedia":[{"embeddable":true,"href":"https:\/\/noticiasregionais.com.br\/index.php?rest_route=\/wp\/v2\/media\/847"}],"wp:attachment":[{"href":"https:\/\/noticiasregionais.com.br\/index.php?rest_route=%2Fwp%2Fv2%2Fmedia&parent=846"}],"wp:term":[{"taxonomy":"category","embeddable":true,"href":"https:\/\/noticiasregionais.com.br\/index.php?rest_route=%2Fwp%2Fv2%2Fcategories&post=846"},{"taxonomy":"post_tag","embeddable":true,"href":"https:\/\/noticiasregionais.com.br\/index.php?rest_route=%2Fwp%2Fv2%2Ftags&post=846"}],"curies":[{"name":"wp","href":"https:\/\/api.w.org\/{rel}","templated":true}]}}