{"id":849,"date":"2023-10-18T11:53:14","date_gmt":"2023-10-18T14:53:14","guid":{"rendered":"https:\/\/noticiasregionais.com.br\/?p=849"},"modified":"2023-10-18T11:53:56","modified_gmt":"2023-10-18T14:53:56","slug":"biden-chega-a-israel-e-diz-que-explosao-em-hospital-parece-obra-do-outro-lado","status":"publish","type":"post","link":"https:\/\/noticiasregionais.com.br\/?p=849","title":{"rendered":"Biden chega a Israel e diz que explos\u00e3o em hospital &#8216;parece obra do outro lado&#8217;"},"content":{"rendered":"\n<p class=\"has-text-align-center\"><strong>O norte-americano se referia \u00e0 acusa\u00e7\u00e3o feita por Israel de que o hospital foi atingido por um foguete da fac\u00e7\u00e3o Jihad Isl\u00e2mico<\/strong><\/p>\n\n\n\n<p>Em demonstra\u00e7\u00e3o de apoio a Israel na guerra contra o grupo terrorista Hamas, o presidente dos Estados Unidos, Joe Biden, desembarcou nesta quarta-feira (18) em Tel Aviv e afirmou que as mortes provocadas pela explos\u00e3o em um hospital na Faixa de Gaza, ocorrida na v\u00e9spera, parecem ter sido obra &#8220;do outro lado&#8221; (&#8220;other team&#8221;, na express\u00e3o original usada por Biden).<\/p>\n\n\n\n<p>O americano se referia \u00e0 acusa\u00e7\u00e3o feita por Israel de que o hospital foi atingido por um foguete da fac\u00e7\u00e3o Jihad Isl\u00e2mico &#8211; segundo o Minist\u00e9rio da Defesa israelense, um dos artefatos disparados pelo grupo explodiu antes de chegar ao destino, no territ\u00f3rio vizinho. A organiza\u00e7\u00e3o armada refuta a alega\u00e7\u00e3o.<\/p>\n\n\n\n<p>&#8220;Com base no que eu vi, parece que [a explos\u00e3o] foi causada pelo outro lado&#8221;, disse Biden. &#8220;Mas h\u00e1 muitas pessoas por a\u00ed que n\u00e3o t\u00eam certeza [sobre a autoria do disparo]. [\u2026] Israel tem um conjunto de valores semelhantes aos dos EUA e de outras democracias, e eles est\u00e3o olhando para o que vamos fazer.&#8221;<\/p>\n\n\n\n<p>A explos\u00e3o no hospital na Cidade de Gaza, a mais populosa da faixa hom\u00f4nima, deixou ao menos 500 pessoas mortas nesta ter\u00e7a (17), segundo o Minist\u00e9rio da Sa\u00fade local. Membros da pasta acusam Israel de direcionar o ataque \u00e0 unidade, que estava superlotada de pacientes e pessoas que buscavam abrigo.<\/p>\n\n\n\n<p>O epis\u00f3dio j\u00e1 teve consequ\u00eancias regionais &#8211; foi cancelada a reuni\u00e3o marcada na Jord\u00e2nia nesta quarta para amainar as tens\u00f5es regionais, encontro que contaria com os l\u00edderes de Egito, EUA e Autoridade Palestina. A chancelaria em Am\u00e3 disse que seria &#8220;in\u00fatil qualquer conversa sobre assuntos que n\u00e3o sejam colocar um ponto final na guerra&#8221;.<\/p>\n\n\n\n<p>O Hamas criticou as declara\u00e7\u00f5es de Biden. Em comunicado, a fac\u00e7\u00e3o acusa Washington de ser &#8220;c\u00famplice&#8221; do que chamou de massacres em Gaza e afirma que o governo americano \u00e9 &#8220;cegamente tendencioso&#8221; em rela\u00e7\u00e3o ao conflito no Oriente M\u00e9dio.<\/p>\n\n\n\n<p>Antes da explos\u00e3o no hospital, as autoridades de sa\u00fade em Gaza disseram que pelo menos 3.000 pessoas haviam morrido nos bombardeio de 11 dias lan\u00e7ados por Israel, que come\u00e7ou ap\u00f3s um ataque do Hamas em 7 de outubro, no qual 1.300 pessoas foram mortas em territ\u00f3rio israelense e cerca de 200 foram levadas para Gaza como ref\u00e9ns.<\/p>\n\n\n\n<p>Maior aliado de Tel Aviv, Biden chegou a Israel para mostrar solidariedade e discutir a guerra. Descendo do avi\u00e3o acompanhado de um grande contingente de seguran\u00e7a, Biden abra\u00e7ou o primeiro-ministro israelense, Binyamin Netanyahu, e o presidente Isaac Herzog no p\u00e1tio do aeroporto.<\/p>\n\n\n\n<p>Ap\u00f3s aterrissar em Tel Aviv, o presidente dos Estados Unidos, Joe Biden, disse que as &#8220;atrocidades do Hamas fazem o Estado Isl\u00e2mico parecer mais racional&#8221; e que &#8220;asseguraria que Israel tenha o necess\u00e1rio para se defender&#8221;.<\/p>\n\n\n\n<p>Biden afirmou que o Hamas matou mais de 1.300 pessoas, incluindo ao menos 31 cidad\u00e3os americanos.<\/p>\n\n\n\n<p><strong><sub>fonte: Sampi \/ Folhapress<\/sub><\/strong><\/p>\n<input type=\"hidden\" id=\"baseurl\" value=\"https:\/\/noticiasregionais.com.br\"><input type=\"hidden\" id=\"audio_nonce\" value=\"533fbb67b1\">","protected":false},"excerpt":{"rendered":"<p>O norte-americano se referia \u00e0 acusa\u00e7\u00e3o feita por Israel de que o hospital foi atingido por um foguete da fac\u00e7\u00e3o&hellip;<\/p>\n","protected":false},"author":1,"featured_media":850,"comment_status":"closed","ping_status":"open","sticky":false,"template":"","format":"standard","meta":{"sfsi_plus_gutenberg_text_before_share":"","sfsi_plus_gutenberg_show_text_before_share":"","sfsi_plus_gutenberg_icon_type":"","sfsi_plus_gutenberg_icon_alignemt":"","sfsi_plus_gutenburg_max_per_row":"","footnotes":""},"categories":[9,10,1],"tags":[],"class_list":["post-849","post","type-post","status-publish","format-standard","has-post-thumbnail","hentry","category-mundo","category-destaques","category-noticias"],"_links":{"self":[{"href":"https:\/\/noticiasregionais.com.br\/index.php?rest_route=\/wp\/v2\/posts\/849","targetHints":{"allow":["GET"]}}],"collection":[{"href":"https:\/\/noticiasregionais.com.br\/index.php?rest_route=\/wp\/v2\/posts"}],"about":[{"href":"https:\/\/noticiasregionais.com.br\/index.php?rest_route=\/wp\/v2\/types\/post"}],"author":[{"embeddable":true,"href":"https:\/\/noticiasregionais.com.br\/index.php?rest_route=\/wp\/v2\/users\/1"}],"replies":[{"embeddable":true,"href":"https:\/\/noticiasregionais.com.br\/index.php?rest_route=%2Fwp%2Fv2%2Fcomments&post=849"}],"version-history":[{"count":2,"href":"https:\/\/noticiasregionais.com.br\/index.php?rest_route=\/wp\/v2\/posts\/849\/revisions"}],"predecessor-version":[{"id":853,"href":"https:\/\/noticiasregionais.com.br\/index.php?rest_route=\/wp\/v2\/posts\/849\/revisions\/853"}],"wp:featuredmedia":[{"embeddable":true,"href":"https:\/\/noticiasregionais.com.br\/index.php?rest_route=\/wp\/v2\/media\/850"}],"wp:attachment":[{"href":"https:\/\/noticiasregionais.com.br\/index.php?rest_route=%2Fwp%2Fv2%2Fmedia&parent=849"}],"wp:term":[{"taxonomy":"category","embeddable":true,"href":"https:\/\/noticiasregionais.com.br\/index.php?rest_route=%2Fwp%2Fv2%2Fcategories&post=849"},{"taxonomy":"post_tag","embeddable":true,"href":"https:\/\/noticiasregionais.com.br\/index.php?rest_route=%2Fwp%2Fv2%2Ftags&post=849"}],"curies":[{"name":"wp","href":"https:\/\/api.w.org\/{rel}","templated":true}]}}