{"id":854,"date":"2023-10-18T11:56:54","date_gmt":"2023-10-18T14:56:54","guid":{"rendered":"https:\/\/noticiasregionais.com.br\/?p=854"},"modified":"2023-10-18T11:56:57","modified_gmt":"2023-10-18T14:56:57","slug":"gaeco-prf-e-policia-civil-deflagram-a-operacao-paradoxo-de-teseu-em-sao-paulo","status":"publish","type":"post","link":"https:\/\/noticiasregionais.com.br\/?p=854","title":{"rendered":"GAECO, PRF e Pol\u00edcia Civil deflagram a Opera\u00e7\u00e3o Paradoxo de Teseu em S\u00e3o Paulo"},"content":{"rendered":"\n<p class=\"has-text-align-center\"><strong>A Opera\u00e7\u00e3o tem o objetivo de desmantelar uma organiza\u00e7\u00e3o criminosa envolvida em roubo de cavalos-tratores em rodovias paulistas.<\/strong><\/p>\n\n\n\n<p>Nesta manh\u00e3 (18) foram cumpridos 31 mandados de busca e apreens\u00e3o em S\u00e3o Paulo, regi\u00e3o metropolitana e Paran\u00e1.<\/p>\n\n\n\n<p>A organiza\u00e7\u00e3o criminosa praticava os roubos em sua grande maioria na rodovia R\u00e9gis Bittencourt, e posteriormente levavam o produto do crime para desmanches espalhados pela cidade. Ap\u00f3s esse procedimento, as pe\u00e7as desmontadas eram enviadas para mercados il\u00edcitos em todo o pa\u00eds para serem vendidas.<\/p>\n\n\n\n<p>Em um dos pontos de cumprimento de mandado havia um cavalo-trator que acabara de ser roubado na madrugada de hoje (1h40). Os criminosos desmontaram praticamente todo o caminh\u00e3o em menos de 4 horas como pode ser visto nas imagens.<\/p>\n\n\n\n<p>Nos desmanches havia centenas de pe\u00e7as de caminh\u00f5es prontas para serem enviadas ao com\u00e9rcio ilegal e na casa dos chefes da organiza\u00e7\u00e3o foram apreendidos v\u00e1rios ve\u00edculos de luxo, al\u00e9m dos mesmos ostentarem uma vida de luxo.<\/p>\n\n\n\n<p>Mais de 200 policiais e 2 aeronaves participaram dos cumprimentos de mandados.<\/p>\n<input type=\"hidden\" id=\"baseurl\" value=\"https:\/\/noticiasregionais.com.br\"><input type=\"hidden\" id=\"audio_nonce\" value=\"533fbb67b1\">","protected":false},"excerpt":{"rendered":"<p>A Opera\u00e7\u00e3o tem o objetivo de desmantelar uma organiza\u00e7\u00e3o criminosa envolvida em roubo de cavalos-tratores em rodovias paulistas. Nesta manh\u00e3&hellip;<\/p>\n","protected":false},"author":1,"featured_media":855,"comment_status":"closed","ping_status":"open","sticky":false,"template":"","format":"standard","meta":{"sfsi_plus_gutenberg_text_before_share":"","sfsi_plus_gutenberg_show_text_before_share":"","sfsi_plus_gutenberg_icon_type":"","sfsi_plus_gutenberg_icon_alignemt":"","sfsi_plus_gutenburg_max_per_row":"","footnotes":""},"categories":[6,12,1],"tags":[],"class_list":["post-854","post","type-post","status-publish","format-standard","has-post-thumbnail","hentry","category-sao_paulo","category-capa","category-noticias"],"_links":{"self":[{"href":"https:\/\/noticiasregionais.com.br\/index.php?rest_route=\/wp\/v2\/posts\/854","targetHints":{"allow":["GET"]}}],"collection":[{"href":"https:\/\/noticiasregionais.com.br\/index.php?rest_route=\/wp\/v2\/posts"}],"about":[{"href":"https:\/\/noticiasregionais.com.br\/index.php?rest_route=\/wp\/v2\/types\/post"}],"author":[{"embeddable":true,"href":"https:\/\/noticiasregionais.com.br\/index.php?rest_route=\/wp\/v2\/users\/1"}],"replies":[{"embeddable":true,"href":"https:\/\/noticiasregionais.com.br\/index.php?rest_route=%2Fwp%2Fv2%2Fcomments&post=854"}],"version-history":[{"count":1,"href":"https:\/\/noticiasregionais.com.br\/index.php?rest_route=\/wp\/v2\/posts\/854\/revisions"}],"predecessor-version":[{"id":856,"href":"https:\/\/noticiasregionais.com.br\/index.php?rest_route=\/wp\/v2\/posts\/854\/revisions\/856"}],"wp:featuredmedia":[{"embeddable":true,"href":"https:\/\/noticiasregionais.com.br\/index.php?rest_route=\/wp\/v2\/media\/855"}],"wp:attachment":[{"href":"https:\/\/noticiasregionais.com.br\/index.php?rest_route=%2Fwp%2Fv2%2Fmedia&parent=854"}],"wp:term":[{"taxonomy":"category","embeddable":true,"href":"https:\/\/noticiasregionais.com.br\/index.php?rest_route=%2Fwp%2Fv2%2Fcategories&post=854"},{"taxonomy":"post_tag","embeddable":true,"href":"https:\/\/noticiasregionais.com.br\/index.php?rest_route=%2Fwp%2Fv2%2Ftags&post=854"}],"curies":[{"name":"wp","href":"https:\/\/api.w.org\/{rel}","templated":true}]}}