{"id":859,"date":"2023-10-19T19:26:08","date_gmt":"2023-10-19T22:26:08","guid":{"rendered":"https:\/\/noticiasregionais.com.br\/?p=859"},"modified":"2023-10-19T19:35:05","modified_gmt":"2023-10-19T22:35:05","slug":"servidores-do-banco-do-povo-e-do-turismo-iniciam-acao-de-visita-aos-comerciantes-dos-bairros-de-ourinhos","status":"publish","type":"post","link":"https:\/\/noticiasregionais.com.br\/?p=859","title":{"rendered":"Servidores do Banco do Povo e do Turismo iniciam a\u00e7\u00e3o de visita aos comerciantes dos bairros de Ourinhos"},"content":{"rendered":"\n<p>Em uma iniciativa in\u00e9dita idealizada pelo secret\u00e1rio de Desenvolvimento Econ\u00f4mico, Trabalho e Turismo, Tiago Moreira, a equipe de servidores p\u00fablicos do Banco do Povo e do aplicativo Turismo em Ourinhos est\u00e1 visitando desde setembro os comerciantes e prestadores de servi\u00e7os dos bairros do munic\u00edpio. O primeiro local visitado foi a Vila Brasil.<\/p>\n\n\n\n<p>O objetivo dessa a\u00e7\u00e3o \u00e9 aproximar os servi\u00e7os da Secretaria at\u00e9 os empres\u00e1rios, facilitando o acesso e informa\u00e7\u00f5es sobre as linhas de cr\u00e9dito existentes e empreendedorismo pelo Banco do Povo, com juros mais baixos do mercado, que chegam no m\u00e1ximo a 1% ao m\u00eas e tamb\u00e9m sobre os benef\u00edcios de se aderir ao premiado app, que \u00e9 uma vitrine gratuita de divulga\u00e7\u00e3o dos produtos e servi\u00e7os dos empreendimentos e com\u00e9rcios da cidade.<\/p>\n\n\n\n<p>O secret\u00e1rio de Desenvolvimento Econ\u00f4mico, Tiago Moreira destaca a import\u00e2ncia dessa a\u00e7\u00e3o para ajudar o pequeno e m\u00e9dio empreendedor. \u201cIdealizamos essa a\u00e7\u00e3o para que o Poder P\u00fablico fique mais perto dos comerciantes de bairros que se encontram distantes da \u00e1rea central, para assim, possamos contribuir para o fortalecimento do com\u00e9rcio dessas localidades, impulsionando o desenvolvimento econ\u00f4mico e a gera\u00e7\u00e3o de emprego\u201d, finalizou.<\/p>\n\n\n\n<figure class=\"wp-block-gallery has-nested-images columns-default is-cropped wp-block-gallery-1 is-layout-flex wp-block-gallery-is-layout-flex\">\n<figure class=\"wp-block-image size-large\"><a href=\"https:\/\/noticiasregionais.com.br\/wp-content\/uploads\/2023\/10\/WhatsApp-Image-2023-10-17-at-09.30.54-1.jpeg\"><img decoding=\"async\" width=\"1024\" height=\"683\" data-id=\"863\" src=\"https:\/\/noticiasregionais.com.br\/wp-content\/uploads\/2023\/10\/WhatsApp-Image-2023-10-17-at-09.30.54-1-1024x683.jpeg\" alt=\"\" class=\"wp-image-863\" srcset=\"https:\/\/noticiasregionais.com.br\/wp-content\/uploads\/2023\/10\/WhatsApp-Image-2023-10-17-at-09.30.54-1-1024x683.jpeg 1024w, https:\/\/noticiasregionais.com.br\/wp-content\/uploads\/2023\/10\/WhatsApp-Image-2023-10-17-at-09.30.54-1-300x200.jpeg 300w, https:\/\/noticiasregionais.com.br\/wp-content\/uploads\/2023\/10\/WhatsApp-Image-2023-10-17-at-09.30.54-1-768x512.jpeg 768w, https:\/\/noticiasregionais.com.br\/wp-content\/uploads\/2023\/10\/WhatsApp-Image-2023-10-17-at-09.30.54-1.jpeg 1500w\" sizes=\"(max-width: 1024px) 100vw, 1024px\" \/><\/a><\/figure>\n\n\n\n<figure class=\"wp-block-image size-large\"><a href=\"https:\/\/noticiasregionais.com.br\/wp-content\/uploads\/2023\/10\/WhatsApp-Image-2023-10-17-at-09.30.53-1.jpeg\"><img decoding=\"async\" width=\"683\" height=\"1024\" data-id=\"865\" src=\"https:\/\/noticiasregionais.com.br\/wp-content\/uploads\/2023\/10\/WhatsApp-Image-2023-10-17-at-09.30.53-1-683x1024.jpeg\" alt=\"\" class=\"wp-image-865\" srcset=\"https:\/\/noticiasregionais.com.br\/wp-content\/uploads\/2023\/10\/WhatsApp-Image-2023-10-17-at-09.30.53-1-683x1024.jpeg 683w, https:\/\/noticiasregionais.com.br\/wp-content\/uploads\/2023\/10\/WhatsApp-Image-2023-10-17-at-09.30.53-1-200x300.jpeg 200w, https:\/\/noticiasregionais.com.br\/wp-content\/uploads\/2023\/10\/WhatsApp-Image-2023-10-17-at-09.30.53-1-768x1152.jpeg 768w, https:\/\/noticiasregionais.com.br\/wp-content\/uploads\/2023\/10\/WhatsApp-Image-2023-10-17-at-09.30.53-1.jpeg 1000w\" sizes=\"(max-width: 683px) 100vw, 683px\" \/><\/a><\/figure>\n\n\n\n<figure class=\"wp-block-image size-large\"><a href=\"https:\/\/noticiasregionais.com.br\/wp-content\/uploads\/2023\/10\/WhatsApp-Image-2023-10-17-at-09.30.53.jpeg\"><img decoding=\"async\" width=\"1024\" height=\"683\" data-id=\"864\" src=\"https:\/\/noticiasregionais.com.br\/wp-content\/uploads\/2023\/10\/WhatsApp-Image-2023-10-17-at-09.30.53-1024x683.jpeg\" alt=\"\" class=\"wp-image-864\" srcset=\"https:\/\/noticiasregionais.com.br\/wp-content\/uploads\/2023\/10\/WhatsApp-Image-2023-10-17-at-09.30.53-1024x683.jpeg 1024w, https:\/\/noticiasregionais.com.br\/wp-content\/uploads\/2023\/10\/WhatsApp-Image-2023-10-17-at-09.30.53-300x200.jpeg 300w, https:\/\/noticiasregionais.com.br\/wp-content\/uploads\/2023\/10\/WhatsApp-Image-2023-10-17-at-09.30.53-768x512.jpeg 768w, https:\/\/noticiasregionais.com.br\/wp-content\/uploads\/2023\/10\/WhatsApp-Image-2023-10-17-at-09.30.53.jpeg 1500w\" sizes=\"(max-width: 1024px) 100vw, 1024px\" \/><\/a><\/figure>\n<\/figure>\n<input type=\"hidden\" id=\"baseurl\" value=\"https:\/\/noticiasregionais.com.br\"><input type=\"hidden\" id=\"audio_nonce\" value=\"3cdc555a10\">","protected":false},"excerpt":{"rendered":"<p>Em uma iniciativa in\u00e9dita idealizada pelo secret\u00e1rio de Desenvolvimento Econ\u00f4mico, Trabalho e Turismo, Tiago Moreira, a equipe de servidores p\u00fablicos&hellip;<\/p>\n","protected":false},"author":1,"featured_media":862,"comment_status":"closed","ping_status":"open","sticky":false,"template":"","format":"standard","meta":{"sfsi_plus_gutenberg_text_before_share":"","sfsi_plus_gutenberg_show_text_before_share":"","sfsi_plus_gutenberg_icon_type":"","sfsi_plus_gutenberg_icon_alignemt":"","sfsi_plus_gutenburg_max_per_row":"","footnotes":""},"categories":[5,10,1],"tags":[],"class_list":["post-859","post","type-post","status-publish","format-standard","has-post-thumbnail","hentry","category-ourinhos","category-destaques","category-noticias"],"_links":{"self":[{"href":"https:\/\/noticiasregionais.com.br\/index.php?rest_route=\/wp\/v2\/posts\/859","targetHints":{"allow":["GET"]}}],"collection":[{"href":"https:\/\/noticiasregionais.com.br\/index.php?rest_route=\/wp\/v2\/posts"}],"about":[{"href":"https:\/\/noticiasregionais.com.br\/index.php?rest_route=\/wp\/v2\/types\/post"}],"author":[{"embeddable":true,"href":"https:\/\/noticiasregionais.com.br\/index.php?rest_route=\/wp\/v2\/users\/1"}],"replies":[{"embeddable":true,"href":"https:\/\/noticiasregionais.com.br\/index.php?rest_route=%2Fwp%2Fv2%2Fcomments&post=859"}],"version-history":[{"count":2,"href":"https:\/\/noticiasregionais.com.br\/index.php?rest_route=\/wp\/v2\/posts\/859\/revisions"}],"predecessor-version":[{"id":867,"href":"https:\/\/noticiasregionais.com.br\/index.php?rest_route=\/wp\/v2\/posts\/859\/revisions\/867"}],"wp:featuredmedia":[{"embeddable":true,"href":"https:\/\/noticiasregionais.com.br\/index.php?rest_route=\/wp\/v2\/media\/862"}],"wp:attachment":[{"href":"https:\/\/noticiasregionais.com.br\/index.php?rest_route=%2Fwp%2Fv2%2Fmedia&parent=859"}],"wp:term":[{"taxonomy":"category","embeddable":true,"href":"https:\/\/noticiasregionais.com.br\/index.php?rest_route=%2Fwp%2Fv2%2Fcategories&post=859"},{"taxonomy":"post_tag","embeddable":true,"href":"https:\/\/noticiasregionais.com.br\/index.php?rest_route=%2Fwp%2Fv2%2Ftags&post=859"}],"curies":[{"name":"wp","href":"https:\/\/api.w.org\/{rel}","templated":true}]}}