{"id":8609,"date":"2025-05-26T20:20:00","date_gmt":"2025-05-26T23:20:00","guid":{"rendered":"https:\/\/noticiasregionais.com.br\/?p=8609"},"modified":"2025-05-26T20:20:00","modified_gmt":"2025-05-26T23:20:00","slug":"soja-em-leve-queda-no-parana-2","status":"publish","type":"post","link":"https:\/\/noticiasregionais.com.br\/?p=8609","title":{"rendered":"Soja em leve queda no Paran\u00e1"},"content":{"rendered":"<p>\t\t\t\t\t\t\t\t\t\t<audio controls class=\"b61_audio_player\" data-noticia=\"82274\" src=\"https:\/\/brasil61.com\/rails\/active_storage\/blobs\/eyJfcmFpbHMiOnsibWVzc2FnZSI6IkJBaHBBKzFYQXc9PSIsImV4cCI6bnVsbCwicHVyIjoiYmxvYl9pZCJ9fQ==--4f6e3c42db4faeef04b703d036e1ae1979550d04\/PAGR255543A\"><\/audio><\/p>\n<p>Nesta ter\u00e7a-feira (27), a saca de 60 kg da soja \u00e9 negociada a R$ 128,68 no interior do Paran\u00e1, com leve queda de 0,01%. No litoral do estado, a cota\u00e7\u00e3o recuou 0,16%, chegando a R$ 133,45 em Paranagu\u00e1.<\/p>\n<p>O trigo apresentou movimentos opostos nos dois principais estados produtores. No Paran\u00e1, teve leve alta de 0,04%, com a tonelada cotada a R$ 1.546,75. J\u00e1 no Rio Grande do Sul, o pre\u00e7o caiu 1,11%, para R$ 1.362,60 por tonelada.<\/p>\n<p>Os dados s\u00e3o do Cepea.<\/p>\n<p>\u00a0<\/p>\n<p>\t\t\t\t\t\t\t\t\t<img decoding=\"async\" src=\"https:\/\/brasil61.com\/api\/v1\/serve_pixel\/22254\/82274\" alt=\"Pixel Brasil 61\" class=\"b61_pixel\" width=\"0\" height=\"0\"><\/p>\n<div class=\"br61_backlink\">\n<p>\n\t\t\t\tFonte: <a href=\"https:\/\/brasil61.com\/soja-em-leve-queda-no-parana-pagr255543\" title=\"Artigo Original: Soja em leve queda no Paran\u00e1\" target=\"_blank\" rel=\"noopener\">Brasil 61<\/a>\n\t\t\t<\/p>\n<\/p><\/div>\n<input type=\"hidden\" id=\"baseurl\" value=\"https:\/\/noticiasregionais.com.br\"><input type=\"hidden\" id=\"audio_nonce\" value=\"533fbb67b1\">","protected":false},"excerpt":{"rendered":"<p>Gr\u00e3o \u00e9 cotado a R$ 128,68<\/p>\n","protected":false},"author":1,"featured_media":8610,"comment_status":"","ping_status":"open","sticky":false,"template":"","format":"standard","meta":{"sfsi_plus_gutenberg_text_before_share":"","sfsi_plus_gutenberg_show_text_before_share":"","sfsi_plus_gutenberg_icon_type":"","sfsi_plus_gutenberg_icon_alignemt":"","sfsi_plus_gutenburg_max_per_row":"","footnotes":""},"categories":[8],"tags":[],"class_list":["post-8609","post","type-post","status-publish","format-standard","has-post-thumbnail","hentry","category-brasil"],"_links":{"self":[{"href":"https:\/\/noticiasregionais.com.br\/index.php?rest_route=\/wp\/v2\/posts\/8609","targetHints":{"allow":["GET"]}}],"collection":[{"href":"https:\/\/noticiasregionais.com.br\/index.php?rest_route=\/wp\/v2\/posts"}],"about":[{"href":"https:\/\/noticiasregionais.com.br\/index.php?rest_route=\/wp\/v2\/types\/post"}],"author":[{"embeddable":true,"href":"https:\/\/noticiasregionais.com.br\/index.php?rest_route=\/wp\/v2\/users\/1"}],"replies":[{"embeddable":true,"href":"https:\/\/noticiasregionais.com.br\/index.php?rest_route=%2Fwp%2Fv2%2Fcomments&post=8609"}],"version-history":[{"count":0,"href":"https:\/\/noticiasregionais.com.br\/index.php?rest_route=\/wp\/v2\/posts\/8609\/revisions"}],"wp:featuredmedia":[{"embeddable":true,"href":"https:\/\/noticiasregionais.com.br\/index.php?rest_route=\/wp\/v2\/media\/8610"}],"wp:attachment":[{"href":"https:\/\/noticiasregionais.com.br\/index.php?rest_route=%2Fwp%2Fv2%2Fmedia&parent=8609"}],"wp:term":[{"taxonomy":"category","embeddable":true,"href":"https:\/\/noticiasregionais.com.br\/index.php?rest_route=%2Fwp%2Fv2%2Fcategories&post=8609"},{"taxonomy":"post_tag","embeddable":true,"href":"https:\/\/noticiasregionais.com.br\/index.php?rest_route=%2Fwp%2Fv2%2Ftags&post=8609"}],"curies":[{"name":"wp","href":"https:\/\/api.w.org\/{rel}","templated":true}]}}