{"id":8621,"date":"2025-07-09T17:00:00","date_gmt":"2025-07-09T20:00:00","guid":{"rendered":"https:\/\/noticiasregionais.com.br\/?p=8621"},"modified":"2025-07-09T17:00:00","modified_gmt":"2025-07-09T20:00:00","slug":"brasilia-df-vacina-contra-gripe-disponivel-nas-unidades-de-saude-da-capital-protege-contra-h1n1-h3n2-e-tipo-b","status":"publish","type":"post","link":"https:\/\/noticiasregionais.com.br\/?p=8621","title":{"rendered":"BRAS\u00cdLIA (DF): Vacina contra gripe dispon\u00edvel nas unidades de sa\u00fade da capital protege contra H1N1, H3N2 e tipo B"},"content":{"rendered":"<p>\t\t\t\t\t\t\t\t\t\t<audio controls class=\"b61_audio_player\" data-noticia=\"83251\" src=\"https:\/\/brasil61.com\/rails\/active_storage\/blobs\/eyJfcmFpbHMiOnsibWVzc2FnZSI6IkJBaHBBMDl2QXc9PSIsImV4cCI6bnVsbCwicHVyIjoiYmxvYl9pZCJ9fQ==--e57a9c8af8af342048ddde2727bfca24e9e55b50\/VACI250298A\"><\/audio><\/p>\n<p><strong>Aten\u00e7\u00e3o, moradores de Bras\u00edlia e regi\u00f5es administrativas do DF. As Unidades B\u00e1sica de Sa\u00fade est\u00e3o mobilizadas na vacina\u00e7\u00e3o contra a gripe. <\/strong><a href=\"https:\/\/www.saude.df.gov.br\/w\/vacina-da-gripe-est%C3%A1-dispon%C3%ADvel-em-164-salas-de-vacina%C3%A7%C3%A3o\" target=\"_blank\" rel=\"noopener\">Na capital, 164 salas de vacina das unidades disponibilizam as doses do imunizante<\/a>, especialmente para os grupos priorit\u00e1rios definidos pelo Minist\u00e9rio da Sa\u00fade.\u00a0<\/p>\n<p><strong>A meta \u00e9 atingir 90% do p\u00fablico priorit\u00e1rio do Calend\u00e1rio Nacional de Vacina\u00e7\u00e3o, que inclui crian\u00e7as de 6 meses a menores de 6 anos, gestantes e pu\u00e9rperas, e idosos com 60 anos e mais. Para os outros grupos ser\u00e3o contabilizadas as doses aplicadas.<\/strong><\/p>\n<h2>Vacina\u00e7\u00e3o contra Influenza: p\u00fablico-alvo priorit\u00e1rio:<\/h2>\n<ul>\n<li>Crian\u00e7as de 6 meses a menores de 6 anos<\/li>\n<li>Gestantes<\/li>\n<li>Pu\u00e9rperas<\/li>\n<li>Idosos com 60 anos ou mais<\/li>\n<li>Outros grupos priorit\u00e1rios (sem meta percentual, mas com doses contabilizadas):<\/li>\n<li>Povos ind\u00edgenas<\/li>\n<li>Quilombolas<\/li>\n<li>Pessoas em situa\u00e7\u00e3o de rua<\/li>\n<li>Trabalhadores da sa\u00fade<\/li>\n<li>Professores de escolas p\u00fablicas e privadas<\/li>\n<li>Profissionais das for\u00e7as de seguran\u00e7a, salvamento e das For\u00e7as Armadas<\/li>\n<li>Trabalhadores portu\u00e1rios<\/li>\n<li>Caminhoneiros<\/li>\n<li>Trabalhadores do transporte coletivo rodovi\u00e1rio urbano e de longo curso<\/li>\n<li>Trabalhadores dos Correios<\/li>\n<li>Pessoas com defici\u00eancia permanente<\/li>\n<li>Pessoas com doen\u00e7as cr\u00f4nicas n\u00e3o transmiss\u00edveis ou com condi\u00e7\u00f5es cl\u00ednicas especiais<\/li>\n<li>Popula\u00e7\u00e3o privada de liberdade<\/li>\n<li>Funcion\u00e1rios do sistema de priva\u00e7\u00e3o de liberdade<\/li>\n<li>Adolescentes e jovens de 12 a 21 anos sob medidas socioeducativas<\/li>\n<\/ul>\n<p>A vacina est\u00e1 liberada para toda a popula\u00e7\u00e3o de acordo com a disponibilidade em cada cidade.<\/p>\n<p>Os gestores de sa\u00fade alertam para a import\u00e2ncia da imuniza\u00e7\u00e3o. <strong>Isso porque a influenza segue predominando nos estados brasileiros e representa risco para as pessoas n\u00e3o vacinadas. Entre janeiro e 21 de junho (SE 25), foram <a href=\"https:\/\/www.gov.br\/saude\/pt-br\/assuntos\/saude-de-a-a-z\/c\/covid-19\/atualizacao-de-casos\/informe-se-25-de-2025.pdf\/view\" target=\"_blank\" rel=\"noopener\">registrados no Distrito Federal 544 casos de S\u00edndrome Respirat\u00f3ria Aguda por influenza e 17 \u00f3bitos<\/a>.<\/strong><\/p>\n<p><strong>E para garantir prote\u00e7\u00e3o ampla \u00e9 preciso aumentar as coberturas vacinais. Neste ano, o \u00edndice de vacina\u00e7\u00e3o de gestantes, crian\u00e7as e idosos na capital est\u00e1 em 43%.<\/strong><\/p>\n<p><strong>Por isso, procurar uma unidade b\u00e1sica de sa\u00fade para a vacina\u00e7\u00e3o \u00e9 fundamental. <\/strong><a href=\"https:\/\/infoms.saude.gov.br\/extensions\/SEIDIGI_DEMAS_INFLUENZA_2025_RESIDENCIA\/SEIDIGI_DEMAS_INFLUENZA_2025_RESIDENCIA.html\" target=\"_blank\" rel=\"noopener\">\u00c9 o que ressalta o diretor do Programa Nacional de Imuniza\u00e7\u00f5es, Eder Gatti<\/a>.<\/p>\n<p>&#8220;O Sistema \u00danico de Sa\u00fade (SUS) tem uma grande capilaridade no territ\u00f3rio. Ent\u00e3o, temos mais de 35 mil salas de vacina e a maioria delas est\u00e1 nos postos de sa\u00fade \u2013 no &#8216;postinho&#8217; mais perto de casa \u2013 nas Unidades B\u00e1sicas de Sa\u00fade. Ent\u00e3o, a popula\u00e7\u00e3o pode se vacinar no posto, na unidade de sa\u00fade mais pr\u00f3xima da sua casa. Normalmente, o SUS garante as vacinas de rotina presentes nessas unidades de sa\u00fade e as pessoas podem atualizar a sua caderneta.&#8221;\u00a0<\/p>\n<p>De acordo com o Minist\u00e9rio da Sa\u00fade, a vacina trivalente usada este ano protege contra os v\u00edrus H1N1, H3N2 e tipo B, os mais comuns neste per\u00edodo. \u00c9 capaz de evitar entre 60% e 70% dos casos graves e \u00f3bitos.\u00a0<\/p>\n<p>Procure uma Unidade B\u00e1sica de Sa\u00fade com a Caderneta de Vacina\u00e7\u00e3o ou documento com foto. Garanta a sua prote\u00e7\u00e3o!\u00a0<\/p>\n<p>Para mais informa\u00e7\u00f5es, acesse www.gov.br\/vacinacao.\u00a0<br \/>\n\u00a0<\/p>\n<p>\t\t\t\t\t\t\t\t\t<img decoding=\"async\" src=\"https:\/\/brasil61.com\/api\/v1\/serve_pixel\/22254\/83251\" alt=\"Pixel Brasil 61\" class=\"b61_pixel\" width=\"0\" height=\"0\"><\/p>\n<div class=\"br61_backlink\">\n<p>\n\t\t\t\tFonte: <a href=\"https:\/\/brasil61.com\/brasilia-df-vacina-contra-gripe-disponivel-nas-unidades-de-saude-da-capital-protege-contra-h1n1-h3n2-e-tipo-b-vaci250298\" title=\"Artigo Original: BRAS\u00cdLIA (DF): Vacina contra gripe dispon\u00edvel nas unidades de sa\u00fade da capital protege contra H1N1, H3N2 e tipo B\" target=\"_blank\" rel=\"noopener\">Brasil 61<\/a>\n\t\t\t<\/p>\n<\/p><\/div>\n<input type=\"hidden\" id=\"baseurl\" value=\"https:\/\/noticiasregionais.com.br\"><input type=\"hidden\" id=\"audio_nonce\" value=\"533fbb67b1\">","protected":false},"excerpt":{"rendered":"<p>Na capital, as Unidades B\u00e1sicas de Sa\u00fade disponibilizam as doses do imunizante, especialmente para os grupos priorit\u00e1rios definidos pelo Minist\u00e9rio da Sa\u00fade<\/p>\n","protected":false},"author":1,"featured_media":8622,"comment_status":"","ping_status":"open","sticky":false,"template":"","format":"standard","meta":{"sfsi_plus_gutenberg_text_before_share":"","sfsi_plus_gutenberg_show_text_before_share":"","sfsi_plus_gutenberg_icon_type":"","sfsi_plus_gutenberg_icon_alignemt":"","sfsi_plus_gutenburg_max_per_row":"","footnotes":""},"categories":[8],"tags":[],"class_list":["post-8621","post","type-post","status-publish","format-standard","has-post-thumbnail","hentry","category-brasil"],"_links":{"self":[{"href":"https:\/\/noticiasregionais.com.br\/index.php?rest_route=\/wp\/v2\/posts\/8621","targetHints":{"allow":["GET"]}}],"collection":[{"href":"https:\/\/noticiasregionais.com.br\/index.php?rest_route=\/wp\/v2\/posts"}],"about":[{"href":"https:\/\/noticiasregionais.com.br\/index.php?rest_route=\/wp\/v2\/types\/post"}],"author":[{"embeddable":true,"href":"https:\/\/noticiasregionais.com.br\/index.php?rest_route=\/wp\/v2\/users\/1"}],"replies":[{"embeddable":true,"href":"https:\/\/noticiasregionais.com.br\/index.php?rest_route=%2Fwp%2Fv2%2Fcomments&post=8621"}],"version-history":[{"count":0,"href":"https:\/\/noticiasregionais.com.br\/index.php?rest_route=\/wp\/v2\/posts\/8621\/revisions"}],"wp:featuredmedia":[{"embeddable":true,"href":"https:\/\/noticiasregionais.com.br\/index.php?rest_route=\/wp\/v2\/media\/8622"}],"wp:attachment":[{"href":"https:\/\/noticiasregionais.com.br\/index.php?rest_route=%2Fwp%2Fv2%2Fmedia&parent=8621"}],"wp:term":[{"taxonomy":"category","embeddable":true,"href":"https:\/\/noticiasregionais.com.br\/index.php?rest_route=%2Fwp%2Fv2%2Fcategories&post=8621"},{"taxonomy":"post_tag","embeddable":true,"href":"https:\/\/noticiasregionais.com.br\/index.php?rest_route=%2Fwp%2Fv2%2Ftags&post=8621"}],"curies":[{"name":"wp","href":"https:\/\/api.w.org\/{rel}","templated":true}]}}