{"id":8662,"date":"2025-06-24T12:00:00","date_gmt":"2025-06-24T15:00:00","guid":{"rendered":"https:\/\/noticiasregionais.com.br\/?p=8662"},"modified":"2025-06-24T12:00:00","modified_gmt":"2025-06-24T15:00:00","slug":"enem-2025-candidatos-terao-ate-sexta-feira-27-para-pagar-taxa-de-inscricao","status":"publish","type":"post","link":"https:\/\/noticiasregionais.com.br\/?p=8662","title":{"rendered":"ENEM 2025: candidatos ter\u00e3o at\u00e9 sexta-feira (27) para pagar taxa de inscri\u00e7\u00e3o"},"content":{"rendered":"<p>\t\t\t\t\t\t\t\t\t\t<audio controls class=\"b61_audio_player\" data-noticia=\"82898\" src=\"https:\/\/brasil61.com\/rails\/active_storage\/blobs\/eyJfcmFpbHMiOnsibWVzc2FnZSI6IkJBaHBBNGRtQXc9PSIsImV4cCI6bnVsbCwicHVyIjoiYmxvYl9pZCJ9fQ==--15b4d578ba6b2c3d00595bcfc2db0ce9130a4e78\/BRAS2514175A\"><\/audio><\/p>\n<p>Os candidatos inscritos no <strong>Exame Nacional do Ensino M\u00e9dio<\/strong> (ENEM) 2025 t\u00eam at\u00e9 a pr\u00f3xima sexta-feira (27) para pagar a<strong> taxa de inscri\u00e7\u00e3o<\/strong>, no valor de <strong>R$ 85<\/strong>. A taxa pode ser paga por meio de <strong>boleto, Pix, cart\u00e3o de cr\u00e9dito, d\u00e9bito em conta corrente ou poupan\u00e7a<\/strong>.<\/p>\n<p>O pagamento da\u00a0inscri\u00e7\u00e3o \u00e9 uma das <strong>etapas obrigat\u00f3rias<\/strong> para quem n\u00e3o teve <strong>isen\u00e7\u00e3o da taxa<\/strong> e deseja participar da prova. Alunos de <strong>escolas p\u00fablicas<\/strong> que terminam o ensino m\u00e9dio em 2025 s\u00e3o <strong>isentos da taxa<\/strong>; por isso, o sistema n\u00e3o gera boleto para estes alunos.<\/p>\n<p>As provas do <strong>ENEM 2025<\/strong> est\u00e3o marcadas para os dias <strong>9 e 16 de novembro<\/strong>. J\u00e1 em algumas cidades do <strong>Par\u00e1, como Bel\u00e9m, Ananindeua e\u202fMarituba<\/strong>, o exame ser\u00e1 realizado em <strong>30 de novembro e 7 de dezembro<\/strong>, em fun\u00e7\u00e3o da <a href=\"https:\/\/www.gov.br\/planalto\/pt-br\/agenda-internacional\/missoes-internacionais\/cop28\/cop-30-no-brasil\" target=\"_blank\" rel=\"noopener\"><strong>30\u00aa Confer\u00eancia das Na\u00e7\u00f5es Unidas sobre Mudan\u00e7as Clim\u00e1ticas (COP 30)<\/strong><\/a>, que ocorrer\u00e1 em novembro, no estado.<\/p>\n<p>A prorroga\u00e7\u00e3o foi anunciada oficialmente pelo <a href=\"http:\/\/https:\/\/www.gov.br\/inep\/pt-br\">Instituto Nacional de Estudos e Pesquisas Educacionais An\u00edsio Teixeira (Inep)<\/a>, respons\u00e1vel pela aplica\u00e7\u00e3o do exame.<br \/>\nO ENEM \u00e9 a principal porta de entrada para o <strong>ensino superior <\/strong>no Brasil, sendo utilizado por programas como o <strong>Sisu, Prouni e FIES<\/strong>, al\u00e9m de ser aceito por diversas <strong>institui\u00e7\u00f5es internacionais<\/strong>.<\/p>\n<h2>Como pagar a taxa do ENEM 2025<\/h2>\n<p>O <strong>boleto para pagamento <\/strong>est\u00e1 dispon\u00edvel na <a href=\"https:\/\/enem.inep.gov.br\/participante\/#!\/\" target=\"_blank\" rel=\"noopener\">P\u00e1gina do Participante<\/a>, que pode ser acessada com CPF e senha cadastrada.<\/p>\n<p>Para quem optar pelo <strong>Pix<\/strong>, \u00e9 poss\u00edvel utilizar o <strong>QR Code<\/strong> gerado no pr\u00f3prio boleto. O sistema tamb\u00e9m oferece op\u00e7\u00f5es de pagamento com <strong>cart\u00e3o de cr\u00e9dito ou d\u00e9bito.<\/strong><\/p>\n<p>\u00c9 importante ficar atento: o pagamento precisa ser feito at\u00e9 as <strong>23h59 de sexta-feira (27)<\/strong>, de acordo com o <strong>hor\u00e1rio de Bras\u00edlia<\/strong>. Ap\u00f3s esse prazo, o sistema <strong>n\u00e3o aceitar\u00e1 mais pagamentos<\/strong>\u00a0e a inscri\u00e7\u00e3o ser\u00e1 <strong>automaticamente cancelada.<\/strong><\/p>\n<p>\t\t\t\t\t\t\t\t\t<img decoding=\"async\" src=\"https:\/\/brasil61.com\/api\/v1\/serve_pixel\/22254\/82898\" alt=\"Pixel Brasil 61\" class=\"b61_pixel\" width=\"0\" height=\"0\"><\/p>\n<div class=\"br61_backlink\">\n<p>\n\t\t\t\tFonte: <a href=\"https:\/\/brasil61.com\/enem-2025-candidatos-terao-ate-sexta-feira-27-para-pagar-taxa-de-inscricao-bras2514175\" title=\"Artigo Original: ENEM 2025: candidatos ter\u00e3o at\u00e9 sexta-feira (27) para pagar taxa de inscri\u00e7\u00e3o\" target=\"_blank\" rel=\"noopener\">Brasil 61<\/a>\n\t\t\t<\/p>\n<\/p><\/div>\n<input type=\"hidden\" id=\"baseurl\" value=\"https:\/\/noticiasregionais.com.br\"><input type=\"hidden\" id=\"audio_nonce\" value=\"5c13e0637f\">","protected":false},"excerpt":{"rendered":"<p>Com o prazo prorrogado, candidatos ter\u00e3o at\u00e9 sexta-feira (27) para pagar taxa de inscri\u00e7\u00e3o<\/p>\n","protected":false},"author":1,"featured_media":0,"comment_status":"","ping_status":"open","sticky":false,"template":"","format":"standard","meta":{"sfsi_plus_gutenberg_text_before_share":"","sfsi_plus_gutenberg_show_text_before_share":"","sfsi_plus_gutenberg_icon_type":"","sfsi_plus_gutenberg_icon_alignemt":"","sfsi_plus_gutenburg_max_per_row":"","footnotes":""},"categories":[1],"tags":[],"class_list":["post-8662","post","type-post","status-publish","format-standard","hentry","category-noticias"],"_links":{"self":[{"href":"https:\/\/noticiasregionais.com.br\/index.php?rest_route=\/wp\/v2\/posts\/8662","targetHints":{"allow":["GET"]}}],"collection":[{"href":"https:\/\/noticiasregionais.com.br\/index.php?rest_route=\/wp\/v2\/posts"}],"about":[{"href":"https:\/\/noticiasregionais.com.br\/index.php?rest_route=\/wp\/v2\/types\/post"}],"author":[{"embeddable":true,"href":"https:\/\/noticiasregionais.com.br\/index.php?rest_route=\/wp\/v2\/users\/1"}],"replies":[{"embeddable":true,"href":"https:\/\/noticiasregionais.com.br\/index.php?rest_route=%2Fwp%2Fv2%2Fcomments&post=8662"}],"version-history":[{"count":0,"href":"https:\/\/noticiasregionais.com.br\/index.php?rest_route=\/wp\/v2\/posts\/8662\/revisions"}],"wp:attachment":[{"href":"https:\/\/noticiasregionais.com.br\/index.php?rest_route=%2Fwp%2Fv2%2Fmedia&parent=8662"}],"wp:term":[{"taxonomy":"category","embeddable":true,"href":"https:\/\/noticiasregionais.com.br\/index.php?rest_route=%2Fwp%2Fv2%2Fcategories&post=8662"},{"taxonomy":"post_tag","embeddable":true,"href":"https:\/\/noticiasregionais.com.br\/index.php?rest_route=%2Fwp%2Fv2%2Ftags&post=8662"}],"curies":[{"name":"wp","href":"https:\/\/api.w.org\/{rel}","templated":true}]}}