{"id":868,"date":"2023-10-19T19:47:49","date_gmt":"2023-10-19T22:47:49","guid":{"rendered":"https:\/\/noticiasregionais.com.br\/?p=868"},"modified":"2023-10-19T19:48:00","modified_gmt":"2023-10-19T22:48:00","slug":"assistencia-social-busca-recursos-federais-junto-ao-deputado-federal-arlindo-chinaglia","status":"publish","type":"post","link":"https:\/\/noticiasregionais.com.br\/?p=868","title":{"rendered":"Assist\u00eancia Social busca recursos federais junto ao deputado federal Arlindo Chinaglia"},"content":{"rendered":"\n<p>A secret\u00e1ria municipal de Assist\u00eancia e Desenvolvimento Social, Viviane Barros, e o adjunto, Hamilton Azevedo, realizaram na \u00faltima quinta-feira (5) uma visita ao prefeito de Queiroz\/SP, Walter Rodrigo Silva (PSD), interlocutor do deputado federal Arlindo Chinaglia (PT) na regi\u00e3o, em busca de novos recursos federais e emendas parlamentares que beneficiem o munic\u00edpio de Ourinhos.<\/p>\n\n\n\n<p>A principal pauta do encontro foi a Portaria n\u00ba 886\/2023 do Minist\u00e9rio do Desenvolvimento Social, que prev\u00ea recursos extraordin\u00e1rios para assist\u00eancia financeira e custeio dos servi\u00e7os das prote\u00e7\u00f5es sociais b\u00e1sica e especial nos munic\u00edpios, como reformas e constru\u00e7\u00e3o de novos pr\u00e9dios, aquisi\u00e7\u00e3o de ve\u00edculos e materiais e equipamentos permanentes.<\/p>\n\n\n\n<p>Foram apresentados os \u00edndices e dados t\u00e9cnicos produzidos pelo setor de Vigil\u00e2ncia Socioassistencial, que demonstram a necessidade e o potencial de novos investimentos na \u00e1rea. O educador social da AOBE (Associa\u00e7\u00e3o Ourinhense de Bem Estar), Junio Farias, acompanhou os secret\u00e1rios nesta visita, no intuito de mostrar os projetos em execu\u00e7\u00e3o pela OSC, que \u00e9 uma das maiores parceiras do munic\u00edpio e realiza diversos trabalhos educativos, sociais e esportivos que atendem a popula\u00e7\u00e3o em geral.<\/p>\n\n\n\n<p>Ciente das demandas apresentadas, o deputado Arlindo Chinaglia ofereceu total apoio \u00e0s requisi\u00e7\u00f5es ourinhenses e atuar\u00e1 junto ao Governo Federal para que o munic\u00edpio seja beneficiado em breve com novos recursos.<\/p>\n\n\n\n<p>O di\u00e1logo constante e a articula\u00e7\u00e3o pol\u00edtica com os l\u00edderes regionais, deputados federais e integrantes de diferentes partidos demonstra o trabalho s\u00e9rio da gest\u00e3o do prefeito Lucas Pocay e sua equipe pelo bem da cidade. Al\u00e9m disso, a Secretaria e seus integrantes reafirmam a miss\u00e3o de reconstruir o SUAS (Sistema \u00danico de Assist\u00eancia Social), combater a fome e a desigualdade social e trabalhar em defesa dos direitos das popula\u00e7\u00f5es em situa\u00e7\u00e3o de vulnerabilidade.<\/p>\n<input type=\"hidden\" id=\"baseurl\" value=\"https:\/\/noticiasregionais.com.br\"><input type=\"hidden\" id=\"audio_nonce\" value=\"3cdc555a10\">","protected":false},"excerpt":{"rendered":"<p>A secret\u00e1ria municipal de Assist\u00eancia e Desenvolvimento Social, Viviane Barros, e o adjunto, Hamilton Azevedo, realizaram na \u00faltima quinta-feira (5)&hellip;<\/p>\n","protected":false},"author":1,"featured_media":860,"comment_status":"closed","ping_status":"open","sticky":false,"template":"","format":"standard","meta":{"sfsi_plus_gutenberg_text_before_share":"","sfsi_plus_gutenberg_show_text_before_share":"","sfsi_plus_gutenberg_icon_type":"","sfsi_plus_gutenberg_icon_alignemt":"","sfsi_plus_gutenburg_max_per_row":"","footnotes":""},"categories":[5,10,1],"tags":[],"class_list":["post-868","post","type-post","status-publish","format-standard","has-post-thumbnail","hentry","category-ourinhos","category-destaques","category-noticias"],"_links":{"self":[{"href":"https:\/\/noticiasregionais.com.br\/index.php?rest_route=\/wp\/v2\/posts\/868","targetHints":{"allow":["GET"]}}],"collection":[{"href":"https:\/\/noticiasregionais.com.br\/index.php?rest_route=\/wp\/v2\/posts"}],"about":[{"href":"https:\/\/noticiasregionais.com.br\/index.php?rest_route=\/wp\/v2\/types\/post"}],"author":[{"embeddable":true,"href":"https:\/\/noticiasregionais.com.br\/index.php?rest_route=\/wp\/v2\/users\/1"}],"replies":[{"embeddable":true,"href":"https:\/\/noticiasregionais.com.br\/index.php?rest_route=%2Fwp%2Fv2%2Fcomments&post=868"}],"version-history":[{"count":1,"href":"https:\/\/noticiasregionais.com.br\/index.php?rest_route=\/wp\/v2\/posts\/868\/revisions"}],"predecessor-version":[{"id":869,"href":"https:\/\/noticiasregionais.com.br\/index.php?rest_route=\/wp\/v2\/posts\/868\/revisions\/869"}],"wp:featuredmedia":[{"embeddable":true,"href":"https:\/\/noticiasregionais.com.br\/index.php?rest_route=\/wp\/v2\/media\/860"}],"wp:attachment":[{"href":"https:\/\/noticiasregionais.com.br\/index.php?rest_route=%2Fwp%2Fv2%2Fmedia&parent=868"}],"wp:term":[{"taxonomy":"category","embeddable":true,"href":"https:\/\/noticiasregionais.com.br\/index.php?rest_route=%2Fwp%2Fv2%2Fcategories&post=868"},{"taxonomy":"post_tag","embeddable":true,"href":"https:\/\/noticiasregionais.com.br\/index.php?rest_route=%2Fwp%2Fv2%2Ftags&post=868"}],"curies":[{"name":"wp","href":"https:\/\/api.w.org\/{rel}","templated":true}]}}