{"id":870,"date":"2023-10-19T20:44:24","date_gmt":"2023-10-19T23:44:24","guid":{"rendered":"https:\/\/noticiasregionais.com.br\/?p=870"},"modified":"2023-10-19T20:44:35","modified_gmt":"2023-10-19T23:44:35","slug":"cacique-dara-e-encontrado-morto-dentro-de-carro-em-aldeia-indigena-de-sp","status":"publish","type":"post","link":"https:\/\/noticiasregionais.com.br\/?p=870","title":{"rendered":"Cacique Dar\u00e3 \u00e9 encontrado morto dentro de carro em aldeia ind\u00edgena de SP"},"content":{"rendered":"\n<p class=\"has-text-align-center\"><strong>O Cacique Dar\u00e3, 57, um dos l\u00edderes tupi-guaranis de S\u00e3o Paulo, foi encontrado morto na manh\u00e3 de ontem (18), na aldeia Tekoa Por\u00e2, em Itaporanga (SP).<\/strong><\/p>\n\n\n\n<p>O Cacique Dar\u00e3, 57, um dos l\u00edderes tupi-guaranis de S\u00e3o Paulo, foi encontrado morto na manh\u00e3 de desta quarta-feira (18), na aldeia Tekoa Por\u00e2, em Itaporanga (SP).<\/p>\n\n\n\n<p>O corpo estava dentro de um carro na aldeia Tekoa Por\u00e3, no bairro da Prainha, segundo informa\u00e7\u00f5es da Pol\u00edcia Civil. Policiais militares foram acionados para prestar apoio a uma equipe do Samu.<\/p>\n\n\n\n<p>Os PMs fizeram contato com a mulher da v\u00edtima, que relatou que eles haviam chegado \u00e0 aldeia na noite anterior ap\u00f3s uma festa, e que o marido tinha permanecido dentro do ve\u00edculo.<\/p>\n\n\n\n<p>Ela relatou que, na manh\u00e3 seguinte, ao acordar, viu que o cacique n\u00e3o estava em casa e, ao procur\u00e1-lo, encontrou o cad\u00e1ver.<\/p>\n\n\n\n<p>O caso foi registrado como morte suspeita na Delegacia de Pol\u00edcia de Itaporanga.<\/p>\n\n\n\n<p>Quem era o cacique Dar\u00e3<br>A Funai (Funda\u00e7\u00e3o Nacional dos Povos Ind\u00edgenas) lamentou a morte do cacique e disse que ele foi um &#8220;ativista incans\u00e1vel&#8221;, dedicando sua vida \u00e0 luta pelos direitos dos povos ind\u00edgenas.<\/p>\n\n\n\n<p>Segundo a Funai, inicialmente, o l\u00edder ind\u00edgena atuou na regi\u00e3o da Terra Ind\u00edgena Ararib\u00e1, no oeste paulista, onde residiu at\u00e9 2006. &#8220;Ap\u00f3s essa fase, ele seguiu uma jornada em busca de seu territ\u00f3rio ancestral, onde seus antepassados viveram, dando in\u00edcio a um processo de retomada na regi\u00e3o de Itaporanga, em S\u00e3o Paulo, juntamente com seus parentes e fundando a Aldeia Tekoa Por\u00e3&#8221;, disse o \u00f3rg\u00e3o.<\/p>\n\n\n\n<p>&#8220;A Funai se solidariza com os familiares, amigos e a comunidade ind\u00edgena neste momento de luto. O legado de Cacique Dar\u00e3 permanecer\u00e1 vivo. Seu trabalho incans\u00e1vel e sua dedica\u00e7\u00e3o \u00e0 causa ind\u00edgena continuar\u00e3o a ser uma fonte de inspira\u00e7\u00e3o para todos que se unem nessa miss\u00e3o&#8221;, declarou a entidade em nota de pesar.<\/p>\n\n\n\n<p>Desde muito jovem, Dar\u00e3 participou de lutas e mobiliza\u00e7\u00f5es em defesa dos direitos de seu povo, segundo o Conselho Indigenista Mission\u00e1rio em uma nota de pesar ap\u00f3s o falecimento do Cacique.<\/p>\n\n\n\n<p>Ele atuou, especialmente, na luta por direitos territoriais e na \u00e1rea de sa\u00fade, tendo participado das mobiliza\u00e7\u00f5es e debates que resultaram na cria\u00e7\u00e3o da Secretaria Especial de Sa\u00fade Ind\u00edgena.<\/p>\n\n\n\n<p>Em 2021, tamb\u00e9m participou ativamente das mobiliza\u00e7\u00f5es nacionais em defesa dos direitos ind\u00edgenas. Ele teve papel fundamental no Levante pela Terra, mobiliza\u00e7\u00e3o que reuniu ind\u00edgenas de todo o pa\u00eds na capital federal. Na ocasi\u00e3o, apesar da pandemia, milhares de lideran\u00e7as ind\u00edgenas de todo o pa\u00eds participaram do acampamento, em Bras\u00edlia, por cerca de dois meses.<\/p>\n\n\n\n<p>Ele tamb\u00e9m foi um dos fundadores da Articula\u00e7\u00e3o dos Povos Ind\u00edgenas do Sudeste, organiza\u00e7\u00e3o de base da Articula\u00e7\u00e3o dos Povos Ind\u00edgenas do Brasil.<\/p>\n\n\n\n<p><strong><sub>fonte: Sampi \/ Folhapress<\/sub><\/strong><\/p>\n<input type=\"hidden\" id=\"baseurl\" value=\"https:\/\/noticiasregionais.com.br\"><input type=\"hidden\" id=\"audio_nonce\" value=\"533fbb67b1\">","protected":false},"excerpt":{"rendered":"<p>O Cacique Dar\u00e3, 57, um dos l\u00edderes tupi-guaranis de S\u00e3o Paulo, foi encontrado morto na manh\u00e3 de ontem (18), na&hellip;<\/p>\n","protected":false},"author":1,"featured_media":871,"comment_status":"closed","ping_status":"open","sticky":false,"template":"","format":"standard","meta":{"sfsi_plus_gutenberg_text_before_share":"","sfsi_plus_gutenberg_show_text_before_share":"","sfsi_plus_gutenberg_icon_type":"","sfsi_plus_gutenberg_icon_alignemt":"","sfsi_plus_gutenburg_max_per_row":"","footnotes":""},"categories":[6,10,1],"tags":[],"class_list":["post-870","post","type-post","status-publish","format-standard","has-post-thumbnail","hentry","category-sao_paulo","category-destaques","category-noticias"],"_links":{"self":[{"href":"https:\/\/noticiasregionais.com.br\/index.php?rest_route=\/wp\/v2\/posts\/870","targetHints":{"allow":["GET"]}}],"collection":[{"href":"https:\/\/noticiasregionais.com.br\/index.php?rest_route=\/wp\/v2\/posts"}],"about":[{"href":"https:\/\/noticiasregionais.com.br\/index.php?rest_route=\/wp\/v2\/types\/post"}],"author":[{"embeddable":true,"href":"https:\/\/noticiasregionais.com.br\/index.php?rest_route=\/wp\/v2\/users\/1"}],"replies":[{"embeddable":true,"href":"https:\/\/noticiasregionais.com.br\/index.php?rest_route=%2Fwp%2Fv2%2Fcomments&post=870"}],"version-history":[{"count":1,"href":"https:\/\/noticiasregionais.com.br\/index.php?rest_route=\/wp\/v2\/posts\/870\/revisions"}],"predecessor-version":[{"id":872,"href":"https:\/\/noticiasregionais.com.br\/index.php?rest_route=\/wp\/v2\/posts\/870\/revisions\/872"}],"wp:featuredmedia":[{"embeddable":true,"href":"https:\/\/noticiasregionais.com.br\/index.php?rest_route=\/wp\/v2\/media\/871"}],"wp:attachment":[{"href":"https:\/\/noticiasregionais.com.br\/index.php?rest_route=%2Fwp%2Fv2%2Fmedia&parent=870"}],"wp:term":[{"taxonomy":"category","embeddable":true,"href":"https:\/\/noticiasregionais.com.br\/index.php?rest_route=%2Fwp%2Fv2%2Fcategories&post=870"},{"taxonomy":"post_tag","embeddable":true,"href":"https:\/\/noticiasregionais.com.br\/index.php?rest_route=%2Fwp%2Fv2%2Ftags&post=870"}],"curies":[{"name":"wp","href":"https:\/\/api.w.org\/{rel}","templated":true}]}}