{"id":8729,"date":"2025-09-04T08:32:26","date_gmt":"2025-09-04T11:32:26","guid":{"rendered":"https:\/\/noticiasregionais.com.br\/?p=8729"},"modified":"2025-09-04T08:32:37","modified_gmt":"2025-09-04T11:32:37","slug":"cavalaria-do-13-baep-captura-procurado-pela-justica-em-bauru","status":"publish","type":"post","link":"https:\/\/noticiasregionais.com.br\/?p=8729","title":{"rendered":"Cavalaria do 13\u00b0 BAEP captura procurado pela Justi\u00e7a em Bauru"},"content":{"rendered":"\n<p>Na manh\u00e3 de ontem (03), por volta das 11h30, a Cavalaria do 13\u00b0 Batalh\u00e3o de A\u00e7\u00f5es Especiais de Pol\u00edcia (BAEP) realizou a pris\u00e3o de um homem procurado pela Justi\u00e7a na regi\u00e3o do Jardim Guadalajara, em Bauru.<\/p>\n\n\n\n<p>Durante patrulhamento de rotina pela linha f\u00e9rrea, os policiais avistaram o indiv\u00edduo em atitude suspeita e realizaram a abordagem. Nada de il\u00edcito foi encontrado com ele, mas ao consultar seus dados, os agentes confirmaram a exist\u00eancia de um mandado de pris\u00e3o em aberto pelo crime de <strong>tr\u00e1fico de drogas<\/strong>.<\/p>\n\n\n\n<p>As verifica\u00e7\u00f5es tamb\u00e9m apontaram que o suspeito j\u00e1 tinha passagens pela pol\u00edcia por <strong>roubo, porte ilegal de arma de fogo e tr\u00e1fico de entorpecentes<\/strong>.<\/p>\n\n\n\n<p>Diante da situa\u00e7\u00e3o, o homem foi conduzido \u00e0 Central de Pol\u00edcia Judici\u00e1ria (CPJ) de Bauru. A autoridade policial confirmou o mandado e determinou o recolhimento do indiv\u00edduo ao sistema prisional, onde permanecer\u00e1 \u00e0 disposi\u00e7\u00e3o da Justi\u00e7a.<\/p>\n<input type=\"hidden\" id=\"baseurl\" value=\"https:\/\/noticiasregionais.com.br\"><input type=\"hidden\" id=\"audio_nonce\" value=\"533fbb67b1\">","protected":false},"excerpt":{"rendered":"<p>Na manh\u00e3 de ontem (03), por volta das 11h30, a Cavalaria do 13\u00b0 Batalh\u00e3o de A\u00e7\u00f5es Especiais de Pol\u00edcia (BAEP)&hellip;<\/p>\n","protected":false},"author":1,"featured_media":8730,"comment_status":"closed","ping_status":"open","sticky":false,"template":"","format":"standard","meta":{"sfsi_plus_gutenberg_text_before_share":"","sfsi_plus_gutenberg_show_text_before_share":"","sfsi_plus_gutenberg_icon_type":"","sfsi_plus_gutenberg_icon_alignemt":"","sfsi_plus_gutenburg_max_per_row":"","footnotes":""},"categories":[10,1,6],"tags":[],"class_list":["post-8729","post","type-post","status-publish","format-standard","has-post-thumbnail","hentry","category-destaques","category-noticias","category-sao_paulo"],"_links":{"self":[{"href":"https:\/\/noticiasregionais.com.br\/index.php?rest_route=\/wp\/v2\/posts\/8729","targetHints":{"allow":["GET"]}}],"collection":[{"href":"https:\/\/noticiasregionais.com.br\/index.php?rest_route=\/wp\/v2\/posts"}],"about":[{"href":"https:\/\/noticiasregionais.com.br\/index.php?rest_route=\/wp\/v2\/types\/post"}],"author":[{"embeddable":true,"href":"https:\/\/noticiasregionais.com.br\/index.php?rest_route=\/wp\/v2\/users\/1"}],"replies":[{"embeddable":true,"href":"https:\/\/noticiasregionais.com.br\/index.php?rest_route=%2Fwp%2Fv2%2Fcomments&post=8729"}],"version-history":[{"count":1,"href":"https:\/\/noticiasregionais.com.br\/index.php?rest_route=\/wp\/v2\/posts\/8729\/revisions"}],"predecessor-version":[{"id":8731,"href":"https:\/\/noticiasregionais.com.br\/index.php?rest_route=\/wp\/v2\/posts\/8729\/revisions\/8731"}],"wp:featuredmedia":[{"embeddable":true,"href":"https:\/\/noticiasregionais.com.br\/index.php?rest_route=\/wp\/v2\/media\/8730"}],"wp:attachment":[{"href":"https:\/\/noticiasregionais.com.br\/index.php?rest_route=%2Fwp%2Fv2%2Fmedia&parent=8729"}],"wp:term":[{"taxonomy":"category","embeddable":true,"href":"https:\/\/noticiasregionais.com.br\/index.php?rest_route=%2Fwp%2Fv2%2Fcategories&post=8729"},{"taxonomy":"post_tag","embeddable":true,"href":"https:\/\/noticiasregionais.com.br\/index.php?rest_route=%2Fwp%2Fv2%2Ftags&post=8729"}],"curies":[{"name":"wp","href":"https:\/\/api.w.org\/{rel}","templated":true}]}}