{"id":873,"date":"2023-10-19T21:02:36","date_gmt":"2023-10-20T00:02:36","guid":{"rendered":"https:\/\/noticiasregionais.com.br\/?p=873"},"modified":"2023-10-19T21:02:48","modified_gmt":"2023-10-20T00:02:48","slug":"sp-abre-reuniao-do-sul-e-sudeste-com-defesa-da-sustentabilidade-e-seguranca-integrada","status":"publish","type":"post","link":"https:\/\/noticiasregionais.com.br\/?p=873","title":{"rendered":"SP abre reuni\u00e3o do Sul e Sudeste com defesa da sustentabilidade e seguran\u00e7a integrada"},"content":{"rendered":"\n<p class=\"has-text-align-center\"><strong>Tarc\u00edsio de Freitas recebe governadores, secret\u00e1rios e gestores de sete estados em 9\u00ba encontro do Cosud para integrar pol\u00edticas p\u00fablicas<\/strong><\/p>\n\n\n\n<p>O governador Tarc\u00edsio de Freitas recebeu nesta quinta-feira (19) l\u00edderes estaduais do Sul e Sudeste na abertura do nono encontro do Cons\u00f3rcio de Integra\u00e7\u00e3o Sul e Sudeste (Cosud), na capital. Em tr\u00eas dias de reuni\u00f5es e debates, governadores, secret\u00e1rios e gestores estaduais v\u00e3o promover a elabora\u00e7\u00e3o de diretrizes conjuntas e pol\u00edticas p\u00fablicas relacionadas a temas priorit\u00e1rios, como meio ambiente e seguran\u00e7a p\u00fablica.<\/p>\n\n\n\n<p>\u201cPreparamos este Cosud com muito carinho e estamos satisfeitos de ter as equipes dos outros Estados para interagir conosco. Nesta edi\u00e7\u00e3o, formalizamos o cons\u00f3rcio do Sul e Sudeste sempre movidos pelo lema \u2018dialogar para desenvolver\u2019\u201d, declarou Tarc\u00edsio.<\/p>\n\n\n\n<p>\u201cTemos desafios como o das mudan\u00e7as clim\u00e1ticas, pois vamos passar recorrentemente por situa\u00e7\u00f5es de estiagem e de cheias. E isso tem a ver com a tem\u00e1tica da sustentabilidade, que vai ser muito forte neste Cosud com o que de fato vamos fazer para descarbonizar o nosso planeta, como vamos fazer a recomposi\u00e7\u00e3o de reservas florestais e tamb\u00e9m a transi\u00e7\u00e3o energ\u00e9tica\u201d, afirmou o governador de S\u00e3o Paulo.<\/p>\n\n\n\n<p>\u201cN\u00f3s tamb\u00e9m temos a oportunidade, e a\u00ed temos uma faixa importante de fronteira, de combater os crimes transnacionais, ent\u00e3o o debate da seguran\u00e7a p\u00fablica \u00e9 fundamental com integra\u00e7\u00e3o de sistemas e de intelig\u00eancia\u201d, acrescentou.<\/p>\n\n\n\n<p>A abertura do Cosud ocorreu na Sala S\u00e3o Paulo, um dos principais espa\u00e7os culturais da Am\u00e9rica Latina. A abertura do evento reuniu os governadores Romeu Zema (MG), Ratinho J\u00fanior (PR) e Eduardo Leite (RS), a vice-governadora de Santa Catarina, Marilisa Boehm, e lideran\u00e7as dos governos do Rio de Janeiro e do Esp\u00edrito Santo.<\/p>\n\n\n\n<p>Criado em 2019, o Cosud tem como objetivo principal a consolida\u00e7\u00e3o da agenda de coopera\u00e7\u00e3o entre os governos dos sete estados que comp\u00f5em o grupo, em temas que atendem \u00e0s demandas econ\u00f4micas, sociais e ambientais.<\/p>\n\n\n\n<p>Com uma popula\u00e7\u00e3o de 119 milh\u00f5es de habitantes, os estados do cons\u00f3rcio concentram 70% do Produto Interno Bruto (PIB) nacional, segundo dados do Instituto Brasileiro de Geografia e Estat\u00edstica (IBGE).<\/p>\n\n\n\n<p>A programa\u00e7\u00e3o prev\u00ea a realiza\u00e7\u00e3o de 21 Grupos Tem\u00e1ticos (GTs), com debates e elabora\u00e7\u00e3o conjunta de propostas por secret\u00e1rios estaduais e gestores de cada administra\u00e7\u00e3o. J\u00e1 os governadores devem participar dos pain\u00e9is de seguran\u00e7a p\u00fablica e de meio ambiente contar\u00e3o tamb\u00e9m com a participa\u00e7\u00e3o dos governadores.<\/p>\n\n\n\n<p>Nesta sexta (20), Tarc\u00edsio recebe os governadores no Pal\u00e1cio dos Bandeirantes para discutir propostas conjuntas para refor\u00e7o da seguran\u00e7a p\u00fablica e defesa do meio ambiente nas regi\u00f5es Sul e Sudeste. Simultaneamente, os grupos tem\u00e1ticos dar\u00e3o sequ\u00eancia aos debates tanto na Sala S\u00e3o Paulo como na sede do governo paulista.<\/p>\n\n\n\n<p>O nono encontro do Cosud se encerra no s\u00e1bado (21), com a apresenta\u00e7\u00e3o de um balan\u00e7o das principais propostas sugeridas pelos GTs e a leitura da Carta S\u00e3o Paulo.<\/p>\n\n\n\n<p>O documento vai formalizar as principais discuss\u00f5es do evento, reafirmar o compromisso dos estados do Sul e do Sudeste com o desenvolvimento econ\u00f4mico e social do Brasil e encaminhar as pr\u00f3ximas a\u00e7\u00f5es do cons\u00f3rcio.<\/p>\n\n\n\n<p><strong>Coopera\u00e7\u00e3o e parceria<\/strong><\/p>\n\n\n\n<p>Na edi\u00e7\u00e3o do Cosud no \u00faltimo m\u00eas de junho, em Belo Horizonte (MG), os governadores assinaram uma carta em que refor\u00e7aram os compromissos de atua\u00e7\u00e3o conjunta e coopera\u00e7\u00e3o em defesa da liberdade e da gera\u00e7\u00e3o de emprego e renda.<\/p>\n\n\n\n<p>O texto tamb\u00e9m refor\u00e7ou o interesse dos estados para sugerir ajustes \u00e0 reforma tribut\u00e1ria em tramita\u00e7\u00e3o no Congresso, al\u00e9m do compromisso firmado em temas como a paz no campo e na cidade e a responsabilidade fiscal.<\/p>\n\n\n\n<p>No \u00faltimo dia 10 de outubro, a participa\u00e7\u00e3o de S\u00e3o Paulo no Cosud foi formalizada por meio de lei sancionada pelo governador Tarc\u00edsio e aprovada pela Assembleia Legislativa do Estado.<\/p>\n<input type=\"hidden\" id=\"baseurl\" value=\"https:\/\/noticiasregionais.com.br\"><input type=\"hidden\" id=\"audio_nonce\" value=\"533fbb67b1\">","protected":false},"excerpt":{"rendered":"<p>Tarc\u00edsio de Freitas recebe governadores, secret\u00e1rios e gestores de sete estados em 9\u00ba encontro do Cosud para integrar pol\u00edticas p\u00fablicas&hellip;<\/p>\n","protected":false},"author":1,"featured_media":874,"comment_status":"closed","ping_status":"open","sticky":false,"template":"","format":"standard","meta":{"sfsi_plus_gutenberg_text_before_share":"","sfsi_plus_gutenberg_show_text_before_share":"","sfsi_plus_gutenberg_icon_type":"","sfsi_plus_gutenberg_icon_alignemt":"","sfsi_plus_gutenburg_max_per_row":"","footnotes":""},"categories":[6,12,1],"tags":[],"class_list":["post-873","post","type-post","status-publish","format-standard","has-post-thumbnail","hentry","category-sao_paulo","category-capa","category-noticias"],"_links":{"self":[{"href":"https:\/\/noticiasregionais.com.br\/index.php?rest_route=\/wp\/v2\/posts\/873","targetHints":{"allow":["GET"]}}],"collection":[{"href":"https:\/\/noticiasregionais.com.br\/index.php?rest_route=\/wp\/v2\/posts"}],"about":[{"href":"https:\/\/noticiasregionais.com.br\/index.php?rest_route=\/wp\/v2\/types\/post"}],"author":[{"embeddable":true,"href":"https:\/\/noticiasregionais.com.br\/index.php?rest_route=\/wp\/v2\/users\/1"}],"replies":[{"embeddable":true,"href":"https:\/\/noticiasregionais.com.br\/index.php?rest_route=%2Fwp%2Fv2%2Fcomments&post=873"}],"version-history":[{"count":1,"href":"https:\/\/noticiasregionais.com.br\/index.php?rest_route=\/wp\/v2\/posts\/873\/revisions"}],"predecessor-version":[{"id":875,"href":"https:\/\/noticiasregionais.com.br\/index.php?rest_route=\/wp\/v2\/posts\/873\/revisions\/875"}],"wp:featuredmedia":[{"embeddable":true,"href":"https:\/\/noticiasregionais.com.br\/index.php?rest_route=\/wp\/v2\/media\/874"}],"wp:attachment":[{"href":"https:\/\/noticiasregionais.com.br\/index.php?rest_route=%2Fwp%2Fv2%2Fmedia&parent=873"}],"wp:term":[{"taxonomy":"category","embeddable":true,"href":"https:\/\/noticiasregionais.com.br\/index.php?rest_route=%2Fwp%2Fv2%2Fcategories&post=873"},{"taxonomy":"post_tag","embeddable":true,"href":"https:\/\/noticiasregionais.com.br\/index.php?rest_route=%2Fwp%2Fv2%2Ftags&post=873"}],"curies":[{"name":"wp","href":"https:\/\/api.w.org\/{rel}","templated":true}]}}