{"id":8732,"date":"2025-09-04T08:37:08","date_gmt":"2025-09-04T11:37:08","guid":{"rendered":"https:\/\/noticiasregionais.com.br\/?p=8732"},"modified":"2025-09-04T08:37:48","modified_gmt":"2025-09-04T11:37:48","slug":"ourinhos-da-inicio-a-semana-da-patria-com-cerimonia-na-praca-mello-peixoto","status":"publish","type":"post","link":"https:\/\/noticiasregionais.com.br\/?p=8732","title":{"rendered":"Ourinhos d\u00e1 in\u00edcio \u00e0 Semana da P\u00e1tria com cerim\u00f4nia na Pra\u00e7a Mello Peixoto"},"content":{"rendered":"\n<p>A Semana da P\u00e1tria em Ourinhos come\u00e7ou oficialmente na manh\u00e3 desta segunda-feira (1\u00ba) com a cerim\u00f4nia de hasteamento das bandeiras do Brasil, do Estado de S\u00e3o Paulo e do munic\u00edpio, realizada na Pra\u00e7a Mello Peixoto.<\/p>\n\n\n\n<p>O ato contou com a presen\u00e7a de autoridades do Executivo, Legislativo e for\u00e7as de seguran\u00e7a, al\u00e9m da participa\u00e7\u00e3o especial dos alunos da EMEF Professora Adelaide Pedroso Racanello. Durante o momento c\u00edvico, foram executados os hinos nacional, municipal e da Independ\u00eancia, refor\u00e7ando o esp\u00edrito de patriotismo e respeito aos s\u00edmbolos nacionais.<\/p>\n\n\n\n<p>A programa\u00e7\u00e3o segue ao longo da semana e ser\u00e1 encerrada no domingo, 7 de setembro, com o tradicional desfile c\u00edvico que reunir\u00e1 escolas, grupos organizados e entidades da cidade no centro de Ourinhos. A concentra\u00e7\u00e3o est\u00e1 marcada para as 7h30, e a popula\u00e7\u00e3o \u00e9 convidada a prestigiar o evento.<\/p>\n\n\n\n<figure class=\"wp-block-gallery has-nested-images columns-default is-cropped wp-block-gallery-1 is-layout-flex wp-block-gallery-is-layout-flex\">\n<figure class=\"wp-block-image size-large\"><a href=\"https:\/\/noticiasregionais.com.br\/wp-content\/uploads\/2025\/09\/WhatsApp-Image-2025-09-01-at-09.26.051.jpeg\"><img decoding=\"async\" width=\"1024\" height=\"819\" data-id=\"8733\" src=\"https:\/\/noticiasregionais.com.br\/wp-content\/uploads\/2025\/09\/WhatsApp-Image-2025-09-01-at-09.26.051-1024x819.jpeg\" alt=\"\" class=\"wp-image-8733\" srcset=\"https:\/\/noticiasregionais.com.br\/wp-content\/uploads\/2025\/09\/WhatsApp-Image-2025-09-01-at-09.26.051-1024x819.jpeg 1024w, https:\/\/noticiasregionais.com.br\/wp-content\/uploads\/2025\/09\/WhatsApp-Image-2025-09-01-at-09.26.051-300x240.jpeg 300w, https:\/\/noticiasregionais.com.br\/wp-content\/uploads\/2025\/09\/WhatsApp-Image-2025-09-01-at-09.26.051-768x614.jpeg 768w, https:\/\/noticiasregionais.com.br\/wp-content\/uploads\/2025\/09\/WhatsApp-Image-2025-09-01-at-09.26.051-1536x1228.jpeg 1536w, https:\/\/noticiasregionais.com.br\/wp-content\/uploads\/2025\/09\/WhatsApp-Image-2025-09-01-at-09.26.051.jpeg 1600w\" sizes=\"(max-width: 1024px) 100vw, 1024px\" \/><\/a><\/figure>\n\n\n\n<figure class=\"wp-block-image size-large\"><a href=\"https:\/\/noticiasregionais.com.br\/wp-content\/uploads\/2025\/09\/WhatsApp-Image-2025-09-01-at-09.26.05.jpeg\"><img decoding=\"async\" width=\"1024\" height=\"819\" data-id=\"8735\" src=\"https:\/\/noticiasregionais.com.br\/wp-content\/uploads\/2025\/09\/WhatsApp-Image-2025-09-01-at-09.26.05-1024x819.jpeg\" alt=\"\" class=\"wp-image-8735\" srcset=\"https:\/\/noticiasregionais.com.br\/wp-content\/uploads\/2025\/09\/WhatsApp-Image-2025-09-01-at-09.26.05-1024x819.jpeg 1024w, https:\/\/noticiasregionais.com.br\/wp-content\/uploads\/2025\/09\/WhatsApp-Image-2025-09-01-at-09.26.05-300x240.jpeg 300w, https:\/\/noticiasregionais.com.br\/wp-content\/uploads\/2025\/09\/WhatsApp-Image-2025-09-01-at-09.26.05-768x614.jpeg 768w, https:\/\/noticiasregionais.com.br\/wp-content\/uploads\/2025\/09\/WhatsApp-Image-2025-09-01-at-09.26.05-1536x1228.jpeg 1536w, https:\/\/noticiasregionais.com.br\/wp-content\/uploads\/2025\/09\/WhatsApp-Image-2025-09-01-at-09.26.05.jpeg 1600w\" sizes=\"(max-width: 1024px) 100vw, 1024px\" \/><\/a><\/figure>\n\n\n\n<figure class=\"wp-block-image size-large\"><a href=\"https:\/\/noticiasregionais.com.br\/wp-content\/uploads\/2025\/09\/WhatsApp-Image-2025-09-01-at-09.26.07.jpeg\"><img decoding=\"async\" width=\"1024\" height=\"819\" data-id=\"8734\" src=\"https:\/\/noticiasregionais.com.br\/wp-content\/uploads\/2025\/09\/WhatsApp-Image-2025-09-01-at-09.26.07-1024x819.jpeg\" alt=\"\" class=\"wp-image-8734\" srcset=\"https:\/\/noticiasregionais.com.br\/wp-content\/uploads\/2025\/09\/WhatsApp-Image-2025-09-01-at-09.26.07-1024x819.jpeg 1024w, https:\/\/noticiasregionais.com.br\/wp-content\/uploads\/2025\/09\/WhatsApp-Image-2025-09-01-at-09.26.07-300x240.jpeg 300w, https:\/\/noticiasregionais.com.br\/wp-content\/uploads\/2025\/09\/WhatsApp-Image-2025-09-01-at-09.26.07-768x614.jpeg 768w, https:\/\/noticiasregionais.com.br\/wp-content\/uploads\/2025\/09\/WhatsApp-Image-2025-09-01-at-09.26.07-1536x1228.jpeg 1536w, https:\/\/noticiasregionais.com.br\/wp-content\/uploads\/2025\/09\/WhatsApp-Image-2025-09-01-at-09.26.07.jpeg 1600w\" sizes=\"(max-width: 1024px) 100vw, 1024px\" \/><\/a><\/figure>\n<\/figure>\n<input type=\"hidden\" id=\"baseurl\" value=\"https:\/\/noticiasregionais.com.br\"><input type=\"hidden\" id=\"audio_nonce\" value=\"533fbb67b1\">","protected":false},"excerpt":{"rendered":"<p>A Semana da P\u00e1tria em Ourinhos come\u00e7ou oficialmente na manh\u00e3 desta segunda-feira (1\u00ba) com a cerim\u00f4nia de hasteamento das bandeiras&hellip;<\/p>\n","protected":false},"author":1,"featured_media":8736,"comment_status":"closed","ping_status":"open","sticky":false,"template":"","format":"standard","meta":{"sfsi_plus_gutenberg_text_before_share":"","sfsi_plus_gutenberg_show_text_before_share":"","sfsi_plus_gutenberg_icon_type":"","sfsi_plus_gutenberg_icon_alignemt":"","sfsi_plus_gutenburg_max_per_row":"","footnotes":""},"categories":[10,1,5],"tags":[16],"class_list":["post-8732","post","type-post","status-publish","format-standard","has-post-thumbnail","hentry","category-destaques","category-noticias","category-ourinhos","tag-ourinhos"],"_links":{"self":[{"href":"https:\/\/noticiasregionais.com.br\/index.php?rest_route=\/wp\/v2\/posts\/8732","targetHints":{"allow":["GET"]}}],"collection":[{"href":"https:\/\/noticiasregionais.com.br\/index.php?rest_route=\/wp\/v2\/posts"}],"about":[{"href":"https:\/\/noticiasregionais.com.br\/index.php?rest_route=\/wp\/v2\/types\/post"}],"author":[{"embeddable":true,"href":"https:\/\/noticiasregionais.com.br\/index.php?rest_route=\/wp\/v2\/users\/1"}],"replies":[{"embeddable":true,"href":"https:\/\/noticiasregionais.com.br\/index.php?rest_route=%2Fwp%2Fv2%2Fcomments&post=8732"}],"version-history":[{"count":1,"href":"https:\/\/noticiasregionais.com.br\/index.php?rest_route=\/wp\/v2\/posts\/8732\/revisions"}],"predecessor-version":[{"id":8737,"href":"https:\/\/noticiasregionais.com.br\/index.php?rest_route=\/wp\/v2\/posts\/8732\/revisions\/8737"}],"wp:featuredmedia":[{"embeddable":true,"href":"https:\/\/noticiasregionais.com.br\/index.php?rest_route=\/wp\/v2\/media\/8736"}],"wp:attachment":[{"href":"https:\/\/noticiasregionais.com.br\/index.php?rest_route=%2Fwp%2Fv2%2Fmedia&parent=8732"}],"wp:term":[{"taxonomy":"category","embeddable":true,"href":"https:\/\/noticiasregionais.com.br\/index.php?rest_route=%2Fwp%2Fv2%2Fcategories&post=8732"},{"taxonomy":"post_tag","embeddable":true,"href":"https:\/\/noticiasregionais.com.br\/index.php?rest_route=%2Fwp%2Fv2%2Ftags&post=8732"}],"curies":[{"name":"wp","href":"https:\/\/api.w.org\/{rel}","templated":true}]}}