{"id":876,"date":"2023-10-19T21:07:37","date_gmt":"2023-10-20T00:07:37","guid":{"rendered":"https:\/\/noticiasregionais.com.br\/?p=876"},"modified":"2023-10-19T21:07:48","modified_gmt":"2023-10-20T00:07:48","slug":"conselho-de-seguranca-da-onu-rejeita-proposta-do-brasil-sobre-conflito","status":"publish","type":"post","link":"https:\/\/noticiasregionais.com.br\/?p=876","title":{"rendered":"Conselho de Seguran\u00e7a da ONU rejeita proposta do Brasil sobre conflito"},"content":{"rendered":"\n<p class=\"has-text-align-center\"><strong>Voto contr\u00e1rio dos Estados Unidos inviabilizou resolu\u00e7\u00e3o<\/strong><\/p>\n\n\n\n<p>O Conselho de Seguran\u00e7a da Organiza\u00e7\u00e3o das Na\u00e7\u00f5es Unidas (ONU) rejeitou nesta quarta-feira (18) a proposta apresentada pelo governo brasileiro sobre o conflito envolvendo Israel e o grupo&nbsp;palestino Hamas, que controla a Faixa de Gaza. O texto pedia pausas humanit\u00e1rias aos ataques entre Israel e o Hamas para permitir o acesso de ajuda \u00e0 Faixa de Gaza.<img decoding=\"async\" src=\"https:\/\/agenciabrasil.ebc.com.br\/ebc.png?id=1561427&amp;o=node\"><img decoding=\"async\" src=\"https:\/\/agenciabrasil.ebc.com.br\/ebc.gif?id=1561427&amp;o=node\"><\/p>\n\n\n\n<p>O resultado da vota\u00e7\u00e3o foi 12 votos a favor, duas absten\u00e7\u00f5es, sendo uma da R\u00fassia, e um voto contr\u00e1rio, por parte dos Estados Unidos. Por se tratar de um membro permanente, o voto norte-americano resultou na rejei\u00e7\u00e3o da proposta brasileira.<\/p>\n\n\n\n<p>A an\u00e1lise da resolu\u00e7\u00e3o estava inicialmente prevista para o in\u00edcio da semana, mas foi adiada para esta quarta-feira na sede da entidade, em Nova York.<\/p>\n\n\n\n<p>Ap\u00f3s a vota\u00e7\u00e3o, a embaixadora dos Estados Unidos na ONU, Linda Thomas-Greenfield, lembrou que o presidente norte-americano, Joe Biden, est\u00e1, neste momento, na regi\u00e3o do conflito, o que, segundo ela, demonstra o envolvimento do pa\u00eds no tema. \u201cApesar de reconhecermos o desejo do governo brasileiro de aprovar a proposta, acreditamos que precisamos deixar essa diplomacia acontecer.\u201d&nbsp;<\/p>\n\n\n\n<p>\u201cSim, resolu\u00e7\u00f5es s\u00e3o importantes. E sim, esse conselho deve se manifestar. Mas as a\u00e7\u00f5es que tomamos devem levar em conta o que acontece no local e apoiar esfor\u00e7os diretos de diplomacia que podem salvar vidas\u201d, disse. \u201cOs Estados Unidos est\u00e3o desapontados pelo fato dessa resolu\u00e7\u00e3o n\u00e3o mencionar o direito de Israel de autodefesa. Como qualquer outro pa\u00eds do mundo, Israel tem o direito de se autodefender\u201d.<\/p>\n\n\n\n<p>Na segunda-feira (16), membros do conselho rejeitaram uma proposta de resolu\u00e7\u00e3o da R\u00fassia sobre o conflito. O pa\u00eds apresentou um projeto de cessar-fogo imediato, incluindo a abertura de corredores humanit\u00e1rios e a libera\u00e7\u00e3o de ref\u00e9ns com seguran\u00e7a, mas n\u00e3o condenava diretamente o Hamas pelos atos de viol\u00eancia cometidos contra Israel. A proposta teve cinco votos favor\u00e1veis, quatro contr\u00e1rios e seis absten\u00e7\u00f5es.<\/p>\n\n\n\n<p><strong><sub>fonte: Ag\u00eancia Brasil &#8211; EBC<\/sub><\/strong><\/p>\n<input type=\"hidden\" id=\"baseurl\" value=\"https:\/\/noticiasregionais.com.br\"><input type=\"hidden\" id=\"audio_nonce\" value=\"533fbb67b1\">","protected":false},"excerpt":{"rendered":"<p>Voto contr\u00e1rio dos Estados Unidos inviabilizou resolu\u00e7\u00e3o O Conselho de Seguran\u00e7a da Organiza\u00e7\u00e3o das Na\u00e7\u00f5es Unidas (ONU) rejeitou nesta quarta-feira&hellip;<\/p>\n","protected":false},"author":1,"featured_media":877,"comment_status":"closed","ping_status":"open","sticky":false,"template":"","format":"standard","meta":{"sfsi_plus_gutenberg_text_before_share":"","sfsi_plus_gutenberg_show_text_before_share":"","sfsi_plus_gutenberg_icon_type":"","sfsi_plus_gutenberg_icon_alignemt":"","sfsi_plus_gutenburg_max_per_row":"","footnotes":""},"categories":[9,10,1],"tags":[],"class_list":["post-876","post","type-post","status-publish","format-standard","has-post-thumbnail","hentry","category-mundo","category-destaques","category-noticias"],"_links":{"self":[{"href":"https:\/\/noticiasregionais.com.br\/index.php?rest_route=\/wp\/v2\/posts\/876","targetHints":{"allow":["GET"]}}],"collection":[{"href":"https:\/\/noticiasregionais.com.br\/index.php?rest_route=\/wp\/v2\/posts"}],"about":[{"href":"https:\/\/noticiasregionais.com.br\/index.php?rest_route=\/wp\/v2\/types\/post"}],"author":[{"embeddable":true,"href":"https:\/\/noticiasregionais.com.br\/index.php?rest_route=\/wp\/v2\/users\/1"}],"replies":[{"embeddable":true,"href":"https:\/\/noticiasregionais.com.br\/index.php?rest_route=%2Fwp%2Fv2%2Fcomments&post=876"}],"version-history":[{"count":1,"href":"https:\/\/noticiasregionais.com.br\/index.php?rest_route=\/wp\/v2\/posts\/876\/revisions"}],"predecessor-version":[{"id":878,"href":"https:\/\/noticiasregionais.com.br\/index.php?rest_route=\/wp\/v2\/posts\/876\/revisions\/878"}],"wp:featuredmedia":[{"embeddable":true,"href":"https:\/\/noticiasregionais.com.br\/index.php?rest_route=\/wp\/v2\/media\/877"}],"wp:attachment":[{"href":"https:\/\/noticiasregionais.com.br\/index.php?rest_route=%2Fwp%2Fv2%2Fmedia&parent=876"}],"wp:term":[{"taxonomy":"category","embeddable":true,"href":"https:\/\/noticiasregionais.com.br\/index.php?rest_route=%2Fwp%2Fv2%2Fcategories&post=876"},{"taxonomy":"post_tag","embeddable":true,"href":"https:\/\/noticiasregionais.com.br\/index.php?rest_route=%2Fwp%2Fv2%2Ftags&post=876"}],"curies":[{"name":"wp","href":"https:\/\/api.w.org\/{rel}","templated":true}]}}