{"id":882,"date":"2023-10-19T21:21:12","date_gmt":"2023-10-20T00:21:12","guid":{"rendered":"https:\/\/noticiasregionais.com.br\/?p=882"},"modified":"2023-10-19T21:21:23","modified_gmt":"2023-10-20T00:21:23","slug":"mais-um-elemento-e-preso-por-trafico-no-hbv-em-acao-integrada-da-forca-tatica-e-dise","status":"publish","type":"post","link":"https:\/\/noticiasregionais.com.br\/?p=882","title":{"rendered":"Mais um elemento \u00e9 preso por Tr\u00e1fico no HBV em a\u00e7\u00e3o integrada da For\u00e7a T\u00e1tica e DISE"},"content":{"rendered":"\n<p>Nesta tarde (19) equipes de For\u00e7a T\u00e1tica do 31\u00ba Batalh\u00e3o de Pol\u00edcia Militar do Interior e policiais civis da DISE prenderam um indiv\u00edduo que traficava maconha e coca\u00edna no HBV.<br>Equipes cumpriram mandado de busca residencial na casa de E.S.L.S. encontrando grande quantidade de maconha e tamb\u00e9m coca\u00edna. Por fim, ap\u00f3s consulta via sistema constatou-se que o indiv\u00edduo tamb\u00e9m encontrava-se procurado da justi\u00e7a pelo crime de tr\u00e1fico de drogas.<br>A ocorr\u00eancia foi apresentada na DISE onde o indiv\u00edduo permaneceu preso.<\/p>\n\n\n<div class=\"wp-block-image\">\n<figure class=\"aligncenter size-large\"><img decoding=\"async\" width=\"794\" height=\"1024\" src=\"https:\/\/noticiasregionais.com.br\/wp-content\/uploads\/2023\/10\/WhatsApp-Image-2023-10-19-at-21.16.42-794x1024.jpeg\" alt=\"\" class=\"wp-image-883\" srcset=\"https:\/\/noticiasregionais.com.br\/wp-content\/uploads\/2023\/10\/WhatsApp-Image-2023-10-19-at-21.16.42-794x1024.jpeg 794w, https:\/\/noticiasregionais.com.br\/wp-content\/uploads\/2023\/10\/WhatsApp-Image-2023-10-19-at-21.16.42-233x300.jpeg 233w, https:\/\/noticiasregionais.com.br\/wp-content\/uploads\/2023\/10\/WhatsApp-Image-2023-10-19-at-21.16.42-768x990.jpeg 768w, https:\/\/noticiasregionais.com.br\/wp-content\/uploads\/2023\/10\/WhatsApp-Image-2023-10-19-at-21.16.42.jpeg 1190w\" sizes=\"(max-width: 794px) 100vw, 794px\" \/><\/figure>\n<\/div><input type=\"hidden\" id=\"baseurl\" value=\"https:\/\/noticiasregionais.com.br\"><input type=\"hidden\" id=\"audio_nonce\" value=\"533fbb67b1\">","protected":false},"excerpt":{"rendered":"<p>Nesta tarde (19) equipes de For\u00e7a T\u00e1tica do 31\u00ba Batalh\u00e3o de Pol\u00edcia Militar do Interior e policiais civis da DISE&hellip;<\/p>\n","protected":false},"author":1,"featured_media":884,"comment_status":"closed","ping_status":"open","sticky":false,"template":"","format":"standard","meta":{"sfsi_plus_gutenberg_text_before_share":"","sfsi_plus_gutenberg_show_text_before_share":"","sfsi_plus_gutenberg_icon_type":"","sfsi_plus_gutenberg_icon_alignemt":"","sfsi_plus_gutenburg_max_per_row":"","footnotes":""},"categories":[5,12,1],"tags":[],"class_list":["post-882","post","type-post","status-publish","format-standard","has-post-thumbnail","hentry","category-ourinhos","category-capa","category-noticias"],"_links":{"self":[{"href":"https:\/\/noticiasregionais.com.br\/index.php?rest_route=\/wp\/v2\/posts\/882","targetHints":{"allow":["GET"]}}],"collection":[{"href":"https:\/\/noticiasregionais.com.br\/index.php?rest_route=\/wp\/v2\/posts"}],"about":[{"href":"https:\/\/noticiasregionais.com.br\/index.php?rest_route=\/wp\/v2\/types\/post"}],"author":[{"embeddable":true,"href":"https:\/\/noticiasregionais.com.br\/index.php?rest_route=\/wp\/v2\/users\/1"}],"replies":[{"embeddable":true,"href":"https:\/\/noticiasregionais.com.br\/index.php?rest_route=%2Fwp%2Fv2%2Fcomments&post=882"}],"version-history":[{"count":1,"href":"https:\/\/noticiasregionais.com.br\/index.php?rest_route=\/wp\/v2\/posts\/882\/revisions"}],"predecessor-version":[{"id":885,"href":"https:\/\/noticiasregionais.com.br\/index.php?rest_route=\/wp\/v2\/posts\/882\/revisions\/885"}],"wp:featuredmedia":[{"embeddable":true,"href":"https:\/\/noticiasregionais.com.br\/index.php?rest_route=\/wp\/v2\/media\/884"}],"wp:attachment":[{"href":"https:\/\/noticiasregionais.com.br\/index.php?rest_route=%2Fwp%2Fv2%2Fmedia&parent=882"}],"wp:term":[{"taxonomy":"category","embeddable":true,"href":"https:\/\/noticiasregionais.com.br\/index.php?rest_route=%2Fwp%2Fv2%2Fcategories&post=882"},{"taxonomy":"post_tag","embeddable":true,"href":"https:\/\/noticiasregionais.com.br\/index.php?rest_route=%2Fwp%2Fv2%2Ftags&post=882"}],"curies":[{"name":"wp","href":"https:\/\/api.w.org\/{rel}","templated":true}]}}