{"id":886,"date":"2023-10-19T21:54:54","date_gmt":"2023-10-20T00:54:54","guid":{"rendered":"https:\/\/noticiasregionais.com.br\/?p=886"},"modified":"2023-10-19T21:54:58","modified_gmt":"2023-10-20T00:54:58","slug":"crise-nos-municipios-se-agrava-e-prefeitos-temem-nao-conseguir-pagar-13o","status":"publish","type":"post","link":"https:\/\/noticiasregionais.com.br\/?p=886","title":{"rendered":"Crise nos munic\u00edpios se agrava e prefeitos temem n\u00e3o conseguir pagar 13\u00ba"},"content":{"rendered":"\n<p class=\"has-text-align-center\"><strong>No Par\u00e1, 88 cidades j\u00e1 enfrentam essa crise. Munic\u00edpios da Bahia e de Goi\u00e1s tamb\u00e9m passam por dificuldades financeiras neste final de 2023<\/strong><\/p>\n\n\n\n<p>A conta \u00e9 simples: quando se gasta mais do que se ganha, alguma conta acaba ficando &nbsp;sem pagamento. E \u00e9 essa a realidade de grande parte dos munic\u00edpios brasileiros neste fim de ano. Tendo o Fundo de Participa\u00e7\u00e3o dos Munic\u00edpios (FPM) como a principal fonte de arrecada\u00e7\u00e3o, 60% das cidades brasileiras est\u00e3o com as contas desequilibradas, em virtude&nbsp;das quedas que v\u00eam sofrendo nesse repasse desde julho.<\/p>\n\n\n\n<p>Um exemplo \u00e9 a situa\u00e7\u00e3o do estado do Par\u00e1, onde 88&nbsp;das 144 prefeituras t\u00eam dificuldades em fechar as contas e pagar o 13\u00ba sal\u00e1rio dos servidores. Segundo o prefeito de Santar\u00e9m e presidente da Federa\u00e7\u00e3o das Associa\u00e7\u00f5es dos Munic\u00edpios do Estado do Par\u00e1 \u2014&nbsp;a Famep \u2014,&nbsp;&nbsp;N\u00e9lio Aguiar, para pagar a folha de dezembro&nbsp;os prefeitos costumam fazer ao longo do ano uma reserva de recursos.&nbsp;<\/p>\n\n\n\n<p>\u201cCom a situa\u00e7\u00e3o de crise, muitos munic\u00edpios n\u00e3o est\u00e3o conseguindo fazer essa reserva. Com isso, existe um risco grande de chegar ao prazo de pagamento do 13\u00ba (na primeira quinzena de dezembro) e n\u00e3o ter o recurso para pagar.\u201d&nbsp;<\/p>\n\n\n\n<p>Muitas vezes o gestor acaba fazendo a op\u00e7\u00e3o entre pagar o sal\u00e1rio e o 13\u00ba sal\u00e1rio, o que desbalanceia o equil\u00edbrio fiscal das cidades e agrava a crise.&nbsp;<\/p>\n\n\n\n<p>Sem arrecada\u00e7\u00e3o pr\u00f3pria, o que \u00e9 o caso de grande parte dos munic\u00edpios de pequeno porte (menos de 50 mil habitantes), os gestores dependem dos repasses do governo federal para conseguir pagar as contas e os funcion\u00e1rios.&nbsp;<\/p>\n\n\n\n<h2 class=\"wp-block-heading\">Goi\u00e1s<\/h2>\n\n\n\n<p>O prefeito de Alex\u00e2nia (GO), Allysson Lima, tamb\u00e9m \u00e9 vice-presidente da Amab (Associa\u00e7\u00e3o dos Munic\u00edpios Adjacentes a&nbsp;Bras\u00edlia), que engloba 29 cidades de Goi\u00e1s e quatro de Minas Gerais. Segundo ele, os munic\u00edpios s\u00e3o a parte mais fraca da federa\u00e7\u00e3o.<\/p>\n\n\n\n<p>\u201c\u00c9 onde as pessoas moram, \u00e9 onde elas precisam ser atendidas na ponta em todas as suas necessidades: seja sa\u00fade, educa\u00e7\u00e3o, assist\u00eancia social e infraestrutura. Ainda assim, os munic\u00edpios s\u00e3o os que ficam com a menor parcela do que \u00e9 arrecadado\u201d \u2014 desabafa.<\/p>\n\n\n\n<p>Assim como outros prefeitos de diversas regi\u00f5es do pa\u00eds,&nbsp; Lima enfrenta dificuldades para fechar as contas de 2023. A esperan\u00e7a do prefeito&nbsp;est\u00e1 depositada no projeto de lei complementar 136\/2023, que prev\u00ea recomposi\u00e7\u00e3o das perdas do FPM e da desonera\u00e7\u00e3o dos combust\u00edveis de 2022. O PLP j\u00e1 foi aprovado no Congresso e ainda aguarda san\u00e7\u00e3o do presidente Lula.&nbsp;<\/p>\n\n\n\n<h2 class=\"wp-block-heading\">Bahia&nbsp;<\/h2>\n\n\n\n<p>Os munic\u00edpios baianos tamb\u00e9m reclamam das&nbsp;dificuldades. Inclusive uma nota p\u00fablica foi publicada no site da Uni\u00e3o dos Munic\u00edpios da Bahia (UPB) para chamar a aten\u00e7\u00e3o da sociedade, do governo federal e do Congresso Nacional para a&nbsp; situa\u00e7\u00e3o&nbsp;econ\u00f4mica dos munic\u00edpios. A publica\u00e7\u00e3o diz que: \u201cAs sucessivas quedas dos recursos impactam negativamente na manuten\u00e7\u00e3o de servi\u00e7os p\u00fablicos \u00e0 popula\u00e7\u00e3o, prejudicando o funcionamento das prefeituras.\u201d<\/p>\n\n\n\n<h2 class=\"wp-block-heading\">Onde est\u00e1 a dificuldade dos munic\u00edpios?<\/h2>\n\n\n\n<p>Al\u00e9m dos repasses reduzidos do FPM e ICMS em 2023, segundo o assessor de or\u00e7amento Cesar Lima&nbsp;os munic\u00edpios precisam melhorar a gest\u00e3o dos gastos que t\u00eam hoje, al\u00e9m de aumentar a arrecada\u00e7\u00e3o.&nbsp;<\/p>\n\n\n\n<p>\u201cO grande problema hoje da administra\u00e7\u00e3o p\u00fablica \u00e9 que al\u00e9m do grande gasto, temos um gasto ruim. As prefeituras precisam se organizar melhor, tentar preservar o m\u00e1ximo poss\u00edvel a presta\u00e7\u00e3o de servi\u00e7os \u00e0 popula\u00e7\u00e3o, automatizar seus processos administrativos \u2014 de forma que demandem menos m\u00e3o de obra \u2014 para que possa dar uma abertura nas contas.\u201d<\/p>\n\n\n\n<p>O assessor ainda explica que a maioria das prefeituras&nbsp;est\u00e1 atualmente na margem na prudencial \u2014&nbsp;ou at\u00e9 mesmo acima do limite prudencial \u2014,&nbsp;e a maior parte do gasto vem com folha de pessoal. &nbsp;<br>&nbsp;<\/p>\n\n\n\n<p>Fonte: <a href=\"https:\/\/brasil61.com\/n\/crise-nos-municipios-se-agrava-e-prefeitos-temem-nao-conseguir-pagar-13-bras239880\" target=\"_blank\" rel=\"noreferrer noopener\">Brasil 61<\/a><\/p>\n<input type=\"hidden\" id=\"baseurl\" value=\"https:\/\/noticiasregionais.com.br\"><input type=\"hidden\" id=\"audio_nonce\" value=\"533fbb67b1\">","protected":false},"excerpt":{"rendered":"<p>No Par\u00e1, 88 cidades j\u00e1 enfrentam essa crise. Munic\u00edpios da Bahia e de Goi\u00e1s tamb\u00e9m passam por dificuldades financeiras neste&hellip;<\/p>\n","protected":false},"author":1,"featured_media":887,"comment_status":"closed","ping_status":"open","sticky":false,"template":"","format":"standard","meta":{"sfsi_plus_gutenberg_text_before_share":"","sfsi_plus_gutenberg_show_text_before_share":"","sfsi_plus_gutenberg_icon_type":"","sfsi_plus_gutenberg_icon_alignemt":"","sfsi_plus_gutenburg_max_per_row":"","footnotes":""},"categories":[8,10,1],"tags":[],"class_list":["post-886","post","type-post","status-publish","format-standard","has-post-thumbnail","hentry","category-brasil","category-destaques","category-noticias"],"_links":{"self":[{"href":"https:\/\/noticiasregionais.com.br\/index.php?rest_route=\/wp\/v2\/posts\/886","targetHints":{"allow":["GET"]}}],"collection":[{"href":"https:\/\/noticiasregionais.com.br\/index.php?rest_route=\/wp\/v2\/posts"}],"about":[{"href":"https:\/\/noticiasregionais.com.br\/index.php?rest_route=\/wp\/v2\/types\/post"}],"author":[{"embeddable":true,"href":"https:\/\/noticiasregionais.com.br\/index.php?rest_route=\/wp\/v2\/users\/1"}],"replies":[{"embeddable":true,"href":"https:\/\/noticiasregionais.com.br\/index.php?rest_route=%2Fwp%2Fv2%2Fcomments&post=886"}],"version-history":[{"count":1,"href":"https:\/\/noticiasregionais.com.br\/index.php?rest_route=\/wp\/v2\/posts\/886\/revisions"}],"predecessor-version":[{"id":888,"href":"https:\/\/noticiasregionais.com.br\/index.php?rest_route=\/wp\/v2\/posts\/886\/revisions\/888"}],"wp:featuredmedia":[{"embeddable":true,"href":"https:\/\/noticiasregionais.com.br\/index.php?rest_route=\/wp\/v2\/media\/887"}],"wp:attachment":[{"href":"https:\/\/noticiasregionais.com.br\/index.php?rest_route=%2Fwp%2Fv2%2Fmedia&parent=886"}],"wp:term":[{"taxonomy":"category","embeddable":true,"href":"https:\/\/noticiasregionais.com.br\/index.php?rest_route=%2Fwp%2Fv2%2Fcategories&post=886"},{"taxonomy":"post_tag","embeddable":true,"href":"https:\/\/noticiasregionais.com.br\/index.php?rest_route=%2Fwp%2Fv2%2Ftags&post=886"}],"curies":[{"name":"wp","href":"https:\/\/api.w.org\/{rel}","templated":true}]}}