{"id":889,"date":"2023-10-19T22:12:07","date_gmt":"2023-10-20T01:12:07","guid":{"rendered":"https:\/\/noticiasregionais.com.br\/?p=889"},"modified":"2023-10-19T22:23:20","modified_gmt":"2023-10-20T01:23:20","slug":"municipios-de-sao-paulo-recebem-r-3464-milhoes-no-segundo-repasse-de-icms-de-outubro","status":"publish","type":"post","link":"https:\/\/noticiasregionais.com.br\/?p=889","title":{"rendered":"Ourinhos recebe 3.600.000 em Outubro e Munic\u00edpios de SP 346,4 Mi s\u00f3 no 2\u00ba repasse do m\u00eas"},"content":{"rendered":"\n<p class=\"has-text-align-center\"><strong>No deposito deste m\u00eas 645 munic\u00edpios do Estado de S\u00e3o Paulo receberam nesta ter\u00e7a-feira (17)<\/strong><\/p>\n\n\n\n<p>Os 645 munic\u00edpios do Estado de S\u00e3o Paulo receberam na ter\u00e7a-feira (17) o segundo repasse de outubro dos recursos do ICMS, no montante de mais de R$ 346,4 milh\u00f5es. Os valores foram transferidos pela Secretaria da Fazenda e Planejamento (<a href=\"https:\/\/portal.fazenda.sp.gov.br\/Institucional\" target=\"_blank\" rel=\"noreferrer noopener\">Sefaz-SP<\/a>) e s\u00e3o referentes \u00e0 arrecada\u00e7\u00e3o de 9 a 13 deste m\u00eas.<\/p>\n\n\n\n<p>No primeiro dep\u00f3sito deste m\u00eas na conta das prefeituras paulistas, realizado no dia 10, a Sefaz-SP transferiu mais de R$ 828 milh\u00f5es. Com os dep\u00f3sitos de ter\u00e7a, o total transferido em outubro j\u00e1 passa de R$ 1,17 bilh\u00e3o.<\/p>\n\n\n\n<p>Os valores correspondem a 25% da arrecada\u00e7\u00e3o do ICMS, que s\u00e3o distribu\u00eddos \u00e0s administra\u00e7\u00f5es municipais com base na aplica\u00e7\u00e3o do \u00cdndice de Participa\u00e7\u00e3o dos Munic\u00edpios (IPM) definido para cada cidade.<\/p>\n\n\n\n<p>Os dep\u00f3sitos semanais s\u00e3o realizados por meio da Secretaria da Fazenda e Planejamento sempre at\u00e9 o segundo dia \u00fatil de cada semana, conforme prev\u00ea a Lei Complementar n\u00ba 63, de 11\/01\/1990. As consultas dos valores podem ser feitas no site da Fazenda, no link&nbsp;<a href=\"https:\/\/bra01.safelinks.protection.outlook.com\/?url=https:\/\/portal.fazenda.sp.gov.br\/acessoinformacao\/Paginas\/Transfer%25C3%25AAncias-Constitucionais-a-Municipios.aspx&amp;data=05%7c01%7cedguimaraes%40cdn.fazenda.sp.gov.br%7ca19cfa71e23d400e195d08dbce7d03dc%7cccb3a8f57e404e209b732a6bd0be61a4%7c1%7c0%7c638330808570003525%7cUnknown%7cTWFpbGZsb3d8eyJWIjoiMC4wLjAwMDAiLCJQIjoiV2luMzIiLCJBTiI6Ik1haWwiLCJXVCI6Mn0%3D%7c1000%7c%7c%7c&amp;sdata=1N8pyR6YXTCXH9%2BJYiulIsD16o3m2BOryWi\/Wml4IRs%3D&amp;reserved=0\" target=\"_blank\" rel=\"noreferrer noopener\">Acesso \u00e0 Informa\u00e7\u00e3o &gt; Transfer\u00eancias de Recursos &gt; Transfer\u00eancias Constitucionais a Munic\u00edpios<\/a>.<\/p>\n\n\n\n<p>Somando os tr\u00eas trimestres de 2023, as 645 prefeituras paulistas j\u00e1 receberam mais de R$&nbsp;28,4 bilh\u00f5es em recursos do ICMS transferidos pela Sefaz-SP.<\/p>\n\n\n\n<div class=\"wp-block-columns is-layout-flex wp-container-core-columns-is-layout-9d6595d7 wp-block-columns-is-layout-flex\">\n<div class=\"wp-block-column is-layout-flow wp-block-column-is-layout-flow\"><div class=\"wp-block-image\">\n<figure class=\"aligncenter size-full\"><img decoding=\"async\" width=\"830\" height=\"573\" src=\"https:\/\/noticiasregionais.com.br\/wp-content\/uploads\/2023\/10\/Tabela.jpg\" alt=\"\" class=\"wp-image-890\" srcset=\"https:\/\/noticiasregionais.com.br\/wp-content\/uploads\/2023\/10\/Tabela.jpg 830w, https:\/\/noticiasregionais.com.br\/wp-content\/uploads\/2023\/10\/Tabela-300x207.jpg 300w, https:\/\/noticiasregionais.com.br\/wp-content\/uploads\/2023\/10\/Tabela-768x530.jpg 768w\" sizes=\"(max-width: 830px) 100vw, 830px\" \/><\/figure>\n<\/div><\/div>\n<\/div>\n\n\n\n<p>Os valores semanais transferidos aos munic\u00edpios paulistas variam em fun\u00e7\u00e3o dos prazos de pagamento do imposto fixados no regulamento do ICMS. Dependendo do m\u00eas, pode haver at\u00e9 cinco datas de repasses. As varia\u00e7\u00f5es destes dep\u00f3sitos oscilam conforme o calend\u00e1rio mensal, os prazos de recolhimento e o volume dos recursos arrecadados.<\/p>\n\n\n\n<p>A agenda de pagamentos est\u00e1 concentrada em at\u00e9 cinco per\u00edodos diferentes no m\u00eas, al\u00e9m de outros recolhimentos di\u00e1rios, como por exemplo, os relativos \u00e0 libera\u00e7\u00e3o das opera\u00e7\u00f5es com importa\u00e7\u00f5es.<\/p>\n\n\n\n<h4 class=\"wp-block-heading\">\u200b\u00cdndice de Participa\u00e7\u00e3o dos Munic\u00edpios<\/h4>\n\n\n\n<p>Os repasses aos munic\u00edpios s\u00e3o liberados de acordo com os respectivos \u00cdndices de Participa\u00e7\u00e3o dos Munic\u00edpios, conforme determina a Constitui\u00e7\u00e3o Federal, de 5 de outubro de 1988. Em seu artigo 158, inciso IV,&nbsp; est\u00e1 estabelecido que 25% do produto da arrecada\u00e7\u00e3o de ICMS pertencem aos munic\u00edpios, e 25% do montante transferido pela Uni\u00e3o ao Estado, referente ao Fundo de Exporta\u00e7\u00e3o (artigo 159, inciso II e \u00a7 3\u00ba).<\/p>\n\n\n\n<p>\u200bOs \u00edndices de participa\u00e7\u00e3o dos munic\u00edpios s\u00e3o apurados anualmente (artigo 3\u00b0, da LC 63\/1990), para aplica\u00e7\u00e3o no exerc\u00edcio seguinte, observando os crit\u00e9rios estabelecidos pela Lei Estadual n\u00ba 3.201, de 23\/12\/81, com altera\u00e7\u00f5es introduzidas pela Lei Estadual n\u00ba 8.510, de 29\/12\/93.<\/p>\n\n\n<div class=\"wp-block-image\">\n<figure class=\"aligncenter size-large\"><img decoding=\"async\" width=\"1024\" height=\"242\" src=\"https:\/\/noticiasregionais.com.br\/wp-content\/uploads\/2023\/10\/image-1024x242.png\" alt=\"\" class=\"wp-image-894\" srcset=\"https:\/\/noticiasregionais.com.br\/wp-content\/uploads\/2023\/10\/image-1024x242.png 1024w, https:\/\/noticiasregionais.com.br\/wp-content\/uploads\/2023\/10\/image-300x71.png 300w, https:\/\/noticiasregionais.com.br\/wp-content\/uploads\/2023\/10\/image-768x182.png 768w, https:\/\/noticiasregionais.com.br\/wp-content\/uploads\/2023\/10\/image-1536x364.png 1536w, https:\/\/noticiasregionais.com.br\/wp-content\/uploads\/2023\/10\/image.png 1593w\" sizes=\"(max-width: 1024px) 100vw, 1024px\" \/><\/figure>\n<\/div>\n\n\n<p><strong><sub>fonte: Portal do Governo do Estado de S\u00e3o Paulo<\/sub><\/strong><\/p>\n<input type=\"hidden\" id=\"baseurl\" value=\"https:\/\/noticiasregionais.com.br\"><input type=\"hidden\" id=\"audio_nonce\" value=\"533fbb67b1\">","protected":false},"excerpt":{"rendered":"<p>No deposito deste m\u00eas 645 munic\u00edpios do Estado de S\u00e3o Paulo receberam nesta ter\u00e7a-feira (17) Os 645 munic\u00edpios do Estado&hellip;<\/p>\n","protected":false},"author":1,"featured_media":891,"comment_status":"closed","ping_status":"open","sticky":false,"template":"","format":"standard","meta":{"sfsi_plus_gutenberg_text_before_share":"","sfsi_plus_gutenberg_show_text_before_share":"","sfsi_plus_gutenberg_icon_type":"","sfsi_plus_gutenberg_icon_alignemt":"","sfsi_plus_gutenburg_max_per_row":"","footnotes":""},"categories":[6,10,1],"tags":[],"class_list":["post-889","post","type-post","status-publish","format-standard","has-post-thumbnail","hentry","category-sao_paulo","category-destaques","category-noticias"],"_links":{"self":[{"href":"https:\/\/noticiasregionais.com.br\/index.php?rest_route=\/wp\/v2\/posts\/889","targetHints":{"allow":["GET"]}}],"collection":[{"href":"https:\/\/noticiasregionais.com.br\/index.php?rest_route=\/wp\/v2\/posts"}],"about":[{"href":"https:\/\/noticiasregionais.com.br\/index.php?rest_route=\/wp\/v2\/types\/post"}],"author":[{"embeddable":true,"href":"https:\/\/noticiasregionais.com.br\/index.php?rest_route=\/wp\/v2\/users\/1"}],"replies":[{"embeddable":true,"href":"https:\/\/noticiasregionais.com.br\/index.php?rest_route=%2Fwp%2Fv2%2Fcomments&post=889"}],"version-history":[{"count":2,"href":"https:\/\/noticiasregionais.com.br\/index.php?rest_route=\/wp\/v2\/posts\/889\/revisions"}],"predecessor-version":[{"id":895,"href":"https:\/\/noticiasregionais.com.br\/index.php?rest_route=\/wp\/v2\/posts\/889\/revisions\/895"}],"wp:featuredmedia":[{"embeddable":true,"href":"https:\/\/noticiasregionais.com.br\/index.php?rest_route=\/wp\/v2\/media\/891"}],"wp:attachment":[{"href":"https:\/\/noticiasregionais.com.br\/index.php?rest_route=%2Fwp%2Fv2%2Fmedia&parent=889"}],"wp:term":[{"taxonomy":"category","embeddable":true,"href":"https:\/\/noticiasregionais.com.br\/index.php?rest_route=%2Fwp%2Fv2%2Fcategories&post=889"},{"taxonomy":"post_tag","embeddable":true,"href":"https:\/\/noticiasregionais.com.br\/index.php?rest_route=%2Fwp%2Fv2%2Ftags&post=889"}],"curies":[{"name":"wp","href":"https:\/\/api.w.org\/{rel}","templated":true}]}}